{"id":28976,"date":"2024-01-14T00:42:27","date_gmt":"2024-01-13T23:42:27","guid":{"rendered":"https:\/\/lepontdegeneve.ch\/?p=28976"},"modified":"2024-01-14T14:13:29","modified_gmt":"2024-01-14T13:13:29","slug":"les-partis-politiques-post-2021-entre-recomposition-et-reconfiguration","status":"publish","type":"post","link":"https:\/\/lepontdegeneve.ch\/?p=28976","title":{"rendered":"les partis politiques post-2021, entre recomposition et reconfiguration"},"content":{"rendered":"\n<p>La crise politique de 2021 en Tunisie a eu un impact majeur sur le paysage politique du pays. En effet, le pr\u00e9sident Ka\u00efs Sa\u00efed a pris des mesures qui ont r\u00e9duit le r\u00f4le des partis politiques, notamment en dissolvant le Parlement et en nommant un nouveau gouvernement.<\/p>\n\n\n\n<p>Dans ce contexte, les partis politiques tunisiens ont \u00e9t\u00e9 contraints de se recomposer et de se reconfigurer. Certains ont choisi de boycotter les \u00e9lections l\u00e9gislatives de d\u00e9cembre 2022, tandis que d&rsquo;autres ont d\u00e9cid\u00e9 de participer.<\/p>\n\n\n\n<p>Les partis qui ont boycott\u00e9 les \u00e9lections, dont Ennahdha, le parti islamiste le plus important du pays, ont d\u00e9nonc\u00e9 un coup d&rsquo;\u00c9tat du pr\u00e9sident Sa\u00efed. Ils ont \u00e9galement appel\u00e9 \u00e0 son d\u00e9part et au retour \u00e0 l&rsquo;ordre constitutionnel.<\/p>\n\n\n\n<p>Les partis qui ont particip\u00e9 aux \u00e9lections, dont le Courant d\u00e9mocratique, le parti lib\u00e9ral de centre-gauche, ont choisi de jouer le jeu du pr\u00e9sident Sa\u00efed. Ils ont esp\u00e9rer que cela leur permettrait de peser sur les d\u00e9cisions du gouvernement.<\/p>\n\n\n\n<p>Les r\u00e9sultats des \u00e9lections l\u00e9gislatives de d\u00e9cembre 2022 ont montr\u00e9 que les partis politiques tunisiens restent divis\u00e9s. En effet, aucun parti n&rsquo;a obtenu la majorit\u00e9 absolue.<\/p>\n\n\n\n<p>La Chambre des repr\u00e9sentants est d\u00e9sormais compos\u00e9e de 217 membres, dont :<\/p>\n\n\n\n<ul class=\"wp-block-list\">\n<li>115 membres du Courant d\u00e9mocratique<\/li>\n\n\n\n<li>69 membres du mouvement Nidaa Tounes, un parti lib\u00e9ral de centre-droit<\/li>\n\n\n\n<li>26 membres du Front de salut national, une alliance de partis de gauche<\/li>\n\n\n\n<li>6 membres de partis ind\u00e9pendants<\/li>\n<\/ul>\n\n\n\n<p>Cette division du paysage politique tunisien rend difficile la formation d&rsquo;un gouvernement stable. Le pr\u00e9sident Sa\u00efed devra donc trouver un moyen de composer avec les diff\u00e9rents partis politiques pour pouvoir gouverner.<\/p>\n\n\n\n<p>La recomposition et la reconfiguration des partis politiques tunisiens post-2021 sont encore en cours. Il est difficile de dire comment le paysage politique tunisien va \u00e9voluer dans les ann\u00e9es \u00e0 venir.<\/p>\n\n\n\n<p>Il est possible que les partis politiques tunisiens r\u00e9ussissent \u00e0 se rassembler et \u00e0 former des coalitions plus stables. Cependant, cela n\u00e9cessitera un effort important de la part de toutes les parties concern\u00e9es.<\/p>\n\n\n\n<p>Il est \u00e9galement possible que la fragmentation du paysage politique continue, ce qui pourrait conduire \u00e0 une nouvelle p\u00e9riode d&rsquo;instabilit\u00e9.<\/p>\n\n\n\n<p>L&rsquo;avenir des partis politiques tunisiens est incertain. Il d\u00e9pendra de la capacit\u00e9 des diff\u00e9rents partis \u00e0 trouver un consensus et \u00e0 travailler ensemble pour sortir le pays de la crise.<\/p>\n","protected":false},"excerpt":{"rendered":"<p>La crise politique de 2021 en Tunisie a eu un impact majeur sur le paysage politique du pays. En effet, le pr\u00e9sident Ka\u00efs Sa\u00efed a pris des mesures qui ont r\u00e9duit le r\u00f4le des partis politiques, notamment en dissolvant le Parlement et en nommant un nouveau gouvernement. Dans ce contexte, les partis politiques tunisiens ont [&hellip;]<\/p>\n","protected":false},"author":1,"featured_media":28977,"comment_status":"open","ping_status":"open","sticky":false,"template":"","format":"standard","meta":{"om_disable_all_campaigns":false,"footnotes":""},"categories":[9],"tags":[63,190,188,189,158,187],"class_list":["post-28976","post","type-post","status-publish","format-standard","has-post-thumbnail","hentry","category-politique","tag-featured","tag-featured-posts","tag-les-partis-politiques-post-2021","tag-trending-posts","tag-trends","tag-tunisie"],"yoast_head":"<!-- This site is optimized with the Yoast SEO plugin v27.5 - https:\/\/yoast.com\/product\/yoast-seo-wordpress\/ -->\n<title>les partis politiques post-2021, entre recomposition et reconfiguration - Le pont de Gen\u00e8ve<\/title>\n<meta name=\"description\" content=\"Une plate-forme en ligne a but de promouvoir les \u00e9changes culturels entre la Suisse et la Tunisie , renforcer la d\u00e9mocratie en Tunisie, et donne une information fiable s\u00fbre et cr\u00e9dible avec une collecte des infos qui concerne les deux cultures.Le pont de Gen\u00e8ve est diriger, encadrer et financer par l\u2019association le pont Gen\u00e8ve.\" \/>\n<meta name=\"robots\" content=\"index, follow, max-snippet:-1, max-image-preview:large, max-video-preview:-1\" \/>\n<link rel=\"canonical\" href=\"https:\/\/lepontdegeneve.ch\/?p=28976\" \/>\n<meta property=\"og:locale\" content=\"fr_FR\" \/>\n<meta property=\"og:type\" content=\"article\" \/>\n<meta property=\"og:title\" content=\"les partis politiques post-2021, entre recomposition et reconfiguration - Le pont de Gen\u00e8ve\" \/>\n<meta property=\"og:description\" content=\"Une plate-forme en ligne a but de promouvoir les \u00e9changes culturels entre la Suisse et la Tunisie , renforcer la d\u00e9mocratie en Tunisie, et donne une information fiable s\u00fbre et cr\u00e9dible avec une collecte des infos qui concerne les deux cultures.Le pont de Gen\u00e8ve est diriger, encadrer et financer par l\u2019association le pont Gen\u00e8ve.\" \/>\n<meta property=\"og:url\" content=\"https:\/\/lepontdegeneve.ch\/?p=28976\" \/>\n<meta property=\"og:site_name\" content=\"Le pont de Gen\u00e8ve\" \/>\n<meta property=\"article:published_time\" content=\"2024-01-13T23:42:27+00:00\" \/>\n<meta property=\"article:modified_time\" content=\"2024-01-14T13:13:29+00:00\" \/>\n<meta property=\"og:image\" content=\"https:\/\/lepontdegeneve.ch\/wp-content\/uploads\/2024\/01\/Politique.jpg\" \/>\n\t<meta property=\"og:image:width\" content=\"2448\" \/>\n\t<meta property=\"og:image:height\" content=\"1632\" \/>\n\t<meta property=\"og:image:type\" content=\"image\/jpeg\" \/>\n<meta name=\"author\" content=\"Le Pont de Gen\u00e8ve\" \/>\n<meta name=\"twitter:card\" content=\"summary_large_image\" \/>\n<meta name=\"twitter:label1\" content=\"\u00c9crit par\" \/>\n\t<meta name=\"twitter:data1\" content=\"Le Pont de Gen\u00e8ve\" \/>\n\t<meta name=\"twitter:label2\" content=\"Dur\u00e9e de lecture estim\u00e9e\" \/>\n\t<meta name=\"twitter:data2\" content=\"2 minutes\" \/>\n<script type=\"application\/ld+json\" class=\"yoast-schema-graph\">{\"@context\":\"https:\\\/\\\/schema.org\",\"@graph\":[{\"@type\":\"Article\",\"@id\":\"https:\\\/\\\/lepontdegeneve.ch\\\/?p=28976#article\",\"isPartOf\":{\"@id\":\"https:\\\/\\\/lepontdegeneve.ch\\\/?p=28976\"},\"author\":{\"name\":\"Le Pont de Gen\u00e8ve\",\"@id\":\"https:\\\/\\\/lepontdegeneve.ch\\\/#\\\/schema\\\/person\\\/90128a12398fd99348a199e0c658139c\"},\"headline\":\"les partis politiques post-2021, entre recomposition et reconfiguration\",\"datePublished\":\"2024-01-13T23:42:27+00:00\",\"dateModified\":\"2024-01-14T13:13:29+00:00\",\"mainEntityOfPage\":{\"@id\":\"https:\\\/\\\/lepontdegeneve.ch\\\/?p=28976\"},\"wordCount\":412,\"commentCount\":0,\"image\":{\"@id\":\"https:\\\/\\\/lepontdegeneve.ch\\\/?p=28976#primaryimage\"},\"thumbnailUrl\":\"https:\\\/\\\/lepontdegeneve.ch\\\/wp-content\\\/uploads\\\/2024\\\/01\\\/Politique.jpg\",\"keywords\":[\"Featured\",\"Featured Posts\",\"les partis politiques post-2021\",\"Trending Posts\",\"Trends\",\"Tunisie\"],\"articleSection\":[\"Politique\"],\"inLanguage\":\"fr-FR\",\"potentialAction\":[{\"@type\":\"CommentAction\",\"name\":\"Comment\",\"target\":[\"https:\\\/\\\/lepontdegeneve.ch\\\/?p=28976#respond\"]}]},{\"@type\":\"WebPage\",\"@id\":\"https:\\\/\\\/lepontdegeneve.ch\\\/?p=28976\",\"url\":\"https:\\\/\\\/lepontdegeneve.ch\\\/?p=28976\",\"name\":\"les partis politiques post-2021, entre recomposition et reconfiguration - Le pont de Gen\u00e8ve\",\"isPartOf\":{\"@id\":\"https:\\\/\\\/lepontdegeneve.ch\\\/#website\"},\"primaryImageOfPage\":{\"@id\":\"https:\\\/\\\/lepontdegeneve.ch\\\/?p=28976#primaryimage\"},\"image\":{\"@id\":\"https:\\\/\\\/lepontdegeneve.ch\\\/?p=28976#primaryimage\"},\"thumbnailUrl\":\"https:\\\/\\\/lepontdegeneve.ch\\\/wp-content\\\/uploads\\\/2024\\\/01\\\/Politique.jpg\",\"datePublished\":\"2024-01-13T23:42:27+00:00\",\"dateModified\":\"2024-01-14T13:13:29+00:00\",\"author\":{\"@id\":\"https:\\\/\\\/lepontdegeneve.ch\\\/#\\\/schema\\\/person\\\/90128a12398fd99348a199e0c658139c\"},\"description\":\"Une plate-forme en ligne a but de promouvoir les \u00e9changes culturels entre la Suisse et la Tunisie , renforcer la d\u00e9mocratie en Tunisie, et donne une information fiable s\u00fbre et cr\u00e9dible avec une collecte des infos qui concerne les deux cultures.Le pont de Gen\u00e8ve est diriger, encadrer et financer par l\u2019association le pont Gen\u00e8ve.\",\"breadcrumb\":{\"@id\":\"https:\\\/\\\/lepontdegeneve.ch\\\/?p=28976#breadcrumb\"},\"inLanguage\":\"fr-FR\",\"potentialAction\":[{\"@type\":\"ReadAction\",\"target\":[\"https:\\\/\\\/lepontdegeneve.ch\\\/?p=28976\"]}]},{\"@type\":\"ImageObject\",\"inLanguage\":\"fr-FR\",\"@id\":\"https:\\\/\\\/lepontdegeneve.ch\\\/?p=28976#primaryimage\",\"url\":\"https:\\\/\\\/lepontdegeneve.ch\\\/wp-content\\\/uploads\\\/2024\\\/01\\\/Politique.jpg\",\"contentUrl\":\"https:\\\/\\\/lepontdegeneve.ch\\\/wp-content\\\/uploads\\\/2024\\\/01\\\/Politique.jpg\",\"width\":2448,\"height\":1632},{\"@type\":\"BreadcrumbList\",\"@id\":\"https:\\\/\\\/lepontdegeneve.ch\\\/?p=28976#breadcrumb\",\"itemListElement\":[{\"@type\":\"ListItem\",\"position\":1,\"name\":\"Accueil\",\"item\":\"https:\\\/\\\/lepontdegeneve.ch\\\/\"},{\"@type\":\"ListItem\",\"position\":2,\"name\":\"les partis politiques post-2021, entre recomposition et reconfiguration\"}]},{\"@type\":\"WebSite\",\"@id\":\"https:\\\/\\\/lepontdegeneve.ch\\\/#website\",\"url\":\"https:\\\/\\\/lepontdegeneve.ch\\\/\",\"name\":\"Le pont de Gen\u00e8ve\",\"description\":\"\",\"potentialAction\":[{\"@type\":\"SearchAction\",\"target\":{\"@type\":\"EntryPoint\",\"urlTemplate\":\"https:\\\/\\\/lepontdegeneve.ch\\\/?s={search_term_string}\"},\"query-input\":{\"@type\":\"PropertyValueSpecification\",\"valueRequired\":true,\"valueName\":\"search_term_string\"}}],\"inLanguage\":\"fr-FR\"},{\"@type\":\"Person\",\"@id\":\"https:\\\/\\\/lepontdegeneve.ch\\\/#\\\/schema\\\/person\\\/90128a12398fd99348a199e0c658139c\",\"name\":\"Le Pont de Gen\u00e8ve\",\"image\":{\"@type\":\"ImageObject\",\"inLanguage\":\"fr-FR\",\"@id\":\"https:\\\/\\\/secure.gravatar.com\\\/avatar\\\/b2cd4b671948e0b3a044cce52421e758f75459e8a1b9e0493b750162492e12c9?s=96&d=mm&r=g\",\"url\":\"https:\\\/\\\/secure.gravatar.com\\\/avatar\\\/b2cd4b671948e0b3a044cce52421e758f75459e8a1b9e0493b750162492e12c9?s=96&d=mm&r=g\",\"contentUrl\":\"https:\\\/\\\/secure.gravatar.com\\\/avatar\\\/b2cd4b671948e0b3a044cce52421e758f75459e8a1b9e0493b750162492e12c9?s=96&d=mm&r=g\",\"caption\":\"Le Pont de Gen\u00e8ve\"},\"sameAs\":[\"https:\\\/\\\/lepontdegeneve.ch\"],\"url\":\"https:\\\/\\\/lepontdegeneve.ch\\\/?author=1\"}]}<\/script>\n<!-- \/ Yoast SEO plugin. -->","yoast_head_json":{"title":"les partis politiques post-2021, entre recomposition et reconfiguration - Le pont de Gen\u00e8ve","description":"Une plate-forme en ligne a but de promouvoir les \u00e9changes culturels entre la Suisse et la Tunisie , renforcer la d\u00e9mocratie en Tunisie, et donne une information fiable s\u00fbre et cr\u00e9dible avec une collecte des infos qui concerne les deux cultures.Le pont de Gen\u00e8ve est diriger, encadrer et financer par l\u2019association le pont Gen\u00e8ve.","robots":{"index":"index","follow":"follow","max-snippet":"max-snippet:-1","max-image-preview":"max-image-preview:large","max-video-preview":"max-video-preview:-1"},"canonical":"https:\/\/lepontdegeneve.ch\/?p=28976","og_locale":"fr_FR","og_type":"article","og_title":"les partis politiques post-2021, entre recomposition et reconfiguration - Le pont de Gen\u00e8ve","og_description":"Une plate-forme en ligne a but de promouvoir les \u00e9changes culturels entre la Suisse et la Tunisie , renforcer la d\u00e9mocratie en Tunisie, et donne une information fiable s\u00fbre et cr\u00e9dible avec une collecte des infos qui concerne les deux cultures.Le pont de Gen\u00e8ve est diriger, encadrer et financer par l\u2019association le pont Gen\u00e8ve.","og_url":"https:\/\/lepontdegeneve.ch\/?p=28976","og_site_name":"Le pont de Gen\u00e8ve","article_published_time":"2024-01-13T23:42:27+00:00","article_modified_time":"2024-01-14T13:13:29+00:00","og_image":[{"width":2448,"height":1632,"url":"https:\/\/lepontdegeneve.ch\/wp-content\/uploads\/2024\/01\/Politique.jpg","type":"image\/jpeg"}],"author":"Le Pont de Gen\u00e8ve","twitter_card":"summary_large_image","twitter_misc":{"\u00c9crit par":"Le Pont de Gen\u00e8ve","Dur\u00e9e de lecture estim\u00e9e":"2 minutes"},"schema":{"@context":"https:\/\/schema.org","@graph":[{"@type":"Article","@id":"https:\/\/lepontdegeneve.ch\/?p=28976#article","isPartOf":{"@id":"https:\/\/lepontdegeneve.ch\/?p=28976"},"author":{"name":"Le Pont de Gen\u00e8ve","@id":"https:\/\/lepontdegeneve.ch\/#\/schema\/person\/90128a12398fd99348a199e0c658139c"},"headline":"les partis politiques post-2021, entre recomposition et reconfiguration","datePublished":"2024-01-13T23:42:27+00:00","dateModified":"2024-01-14T13:13:29+00:00","mainEntityOfPage":{"@id":"https:\/\/lepontdegeneve.ch\/?p=28976"},"wordCount":412,"commentCount":0,"image":{"@id":"https:\/\/lepontdegeneve.ch\/?p=28976#primaryimage"},"thumbnailUrl":"https:\/\/lepontdegeneve.ch\/wp-content\/uploads\/2024\/01\/Politique.jpg","keywords":["Featured","Featured Posts","les partis politiques post-2021","Trending Posts","Trends","Tunisie"],"articleSection":["Politique"],"inLanguage":"fr-FR","potentialAction":[{"@type":"CommentAction","name":"Comment","target":["https:\/\/lepontdegeneve.ch\/?p=28976#respond"]}]},{"@type":"WebPage","@id":"https:\/\/lepontdegeneve.ch\/?p=28976","url":"https:\/\/lepontdegeneve.ch\/?p=28976","name":"les partis politiques post-2021, entre recomposition et reconfiguration - Le pont de Gen\u00e8ve","isPartOf":{"@id":"https:\/\/lepontdegeneve.ch\/#website"},"primaryImageOfPage":{"@id":"https:\/\/lepontdegeneve.ch\/?p=28976#primaryimage"},"image":{"@id":"https:\/\/lepontdegeneve.ch\/?p=28976#primaryimage"},"thumbnailUrl":"https:\/\/lepontdegeneve.ch\/wp-content\/uploads\/2024\/01\/Politique.jpg","datePublished":"2024-01-13T23:42:27+00:00","dateModified":"2024-01-14T13:13:29+00:00","author":{"@id":"https:\/\/lepontdegeneve.ch\/#\/schema\/person\/90128a12398fd99348a199e0c658139c"},"description":"Une plate-forme en ligne a but de promouvoir les \u00e9changes culturels entre la Suisse et la Tunisie , renforcer la d\u00e9mocratie en Tunisie, et donne une information fiable s\u00fbre et cr\u00e9dible avec une collecte des infos qui concerne les deux cultures.Le pont de Gen\u00e8ve est diriger, encadrer et financer par l\u2019association le pont Gen\u00e8ve.","breadcrumb":{"@id":"https:\/\/lepontdegeneve.ch\/?p=28976#breadcrumb"},"inLanguage":"fr-FR","potentialAction":[{"@type":"ReadAction","target":["https:\/\/lepontdegeneve.ch\/?p=28976"]}]},{"@type":"ImageObject","inLanguage":"fr-FR","@id":"https:\/\/lepontdegeneve.ch\/?p=28976#primaryimage","url":"https:\/\/lepontdegeneve.ch\/wp-content\/uploads\/2024\/01\/Politique.jpg","contentUrl":"https:\/\/lepontdegeneve.ch\/wp-content\/uploads\/2024\/01\/Politique.jpg","width":2448,"height":1632},{"@type":"BreadcrumbList","@id":"https:\/\/lepontdegeneve.ch\/?p=28976#breadcrumb","itemListElement":[{"@type":"ListItem","position":1,"name":"Accueil","item":"https:\/\/lepontdegeneve.ch\/"},{"@type":"ListItem","position":2,"name":"les partis politiques post-2021, entre recomposition et reconfiguration"}]},{"@type":"WebSite","@id":"https:\/\/lepontdegeneve.ch\/#website","url":"https:\/\/lepontdegeneve.ch\/","name":"Le pont de Gen\u00e8ve","description":"","potentialAction":[{"@type":"SearchAction","target":{"@type":"EntryPoint","urlTemplate":"https:\/\/lepontdegeneve.ch\/?s={search_term_string}"},"query-input":{"@type":"PropertyValueSpecification","valueRequired":true,"valueName":"search_term_string"}}],"inLanguage":"fr-FR"},{"@type":"Person","@id":"https:\/\/lepontdegeneve.ch\/#\/schema\/person\/90128a12398fd99348a199e0c658139c","name":"Le Pont de Gen\u00e8ve","image":{"@type":"ImageObject","inLanguage":"fr-FR","@id":"https:\/\/secure.gravatar.com\/avatar\/b2cd4b671948e0b3a044cce52421e758f75459e8a1b9e0493b750162492e12c9?s=96&d=mm&r=g","url":"https:\/\/secure.gravatar.com\/avatar\/b2cd4b671948e0b3a044cce52421e758f75459e8a1b9e0493b750162492e12c9?s=96&d=mm&r=g","contentUrl":"https:\/\/secure.gravatar.com\/avatar\/b2cd4b671948e0b3a044cce52421e758f75459e8a1b9e0493b750162492e12c9?s=96&d=mm&r=g","caption":"Le Pont de Gen\u00e8ve"},"sameAs":["https:\/\/lepontdegeneve.ch"],"url":"https:\/\/lepontdegeneve.ch\/?author=1"}]}},"amp_enabled":true,"_links":{"self":[{"href":"https:\/\/lepontdegeneve.ch\/index.php?rest_route=\/wp\/v2\/posts\/28976","targetHints":{"allow":["GET"]}}],"collection":[{"href":"https:\/\/lepontdegeneve.ch\/index.php?rest_route=\/wp\/v2\/posts"}],"about":[{"href":"https:\/\/lepontdegeneve.ch\/index.php?rest_route=\/wp\/v2\/types\/post"}],"author":[{"embeddable":true,"href":"https:\/\/lepontdegeneve.ch\/index.php?rest_route=\/wp\/v2\/users\/1"}],"replies":[{"embeddable":true,"href":"https:\/\/lepontdegeneve.ch\/index.php?rest_route=%2Fwp%2Fv2%2Fcomments&post=28976"}],"version-history":[{"count":1,"href":"https:\/\/lepontdegeneve.ch\/index.php?rest_route=\/wp\/v2\/posts\/28976\/revisions"}],"predecessor-version":[{"id":28978,"href":"https:\/\/lepontdegeneve.ch\/index.php?rest_route=\/wp\/v2\/posts\/28976\/revisions\/28978"}],"wp:featuredmedia":[{"embeddable":true,"href":"https:\/\/lepontdegeneve.ch\/index.php?rest_route=\/wp\/v2\/media\/28977"}],"wp:attachment":[{"href":"https:\/\/lepontdegeneve.ch\/index.php?rest_route=%2Fwp%2Fv2%2Fmedia&parent=28976"}],"wp:term":[{"taxonomy":"category","embeddable":true,"href":"https:\/\/lepontdegeneve.ch\/index.php?rest_route=%2Fwp%2Fv2%2Fcategories&post=28976"},{"taxonomy":"post_tag","embeddable":true,"href":"https:\/\/lepontdegeneve.ch\/index.php?rest_route=%2Fwp%2Fv2%2Ftags&post=28976"}],"curies":[{"name":"wp","href":"https:\/\/api.w.org\/{rel}","templated":true}]}}