{"id":29317,"date":"2024-06-27T16:56:55","date_gmt":"2024-06-27T14:56:55","guid":{"rendered":"https:\/\/lepontdegeneve.ch\/?p=29317"},"modified":"2024-06-27T16:57:23","modified_gmt":"2024-06-27T14:57:23","slug":"tunisie-manifestation-pour-la-decriminalisation-de-lhomosexualite-a-tunis","status":"publish","type":"post","link":"https:\/\/lepontdegeneve.ch\/?p=29317","title":{"rendered":"Tunisie: manifestation pour la d\u00e9criminalisation de l&rsquo;homosexualit\u00e9 \u00e0 Tunis"},"content":{"rendered":"\n<p><\/p>\n\n\n\n<p>Une soixantaine de militants de la cause LGBT+ ont manifest\u00e9 mercredi \u00e0 Tunis pour exiger la d\u00e9criminalisation de l&rsquo;homosexualit\u00e9, \u00e0 l&rsquo;appel de plusieurs ONG locales. \u00ab\u00c0 bas le test anal, \u00e0 bas les lois coloniales\u00bb, ont notamment scand\u00e9 les manifestants en cette journ\u00e9e mondiale de lutte contre la torture, en r\u00e9f\u00e9rence \u00e0 l&rsquo;article 230 du code p\u00e9nal tunisien.<br>La manifestation s&rsquo;est tenue devant la cour d&rsquo;appel de Tunis, o\u00f9 devaient compara\u00eetre deux membres de la communaut\u00e9 LGBT condamn\u00e9s en premi\u00e8re instance \u00e0 deux ans d&#8217;emprisonnement, en vertu de cet article. Cette l\u00e9gislation, adopt\u00e9e en 1913 durant la p\u00e9riode de colonisation fran\u00e7aise, n&rsquo;a jamais \u00e9t\u00e9 r\u00e9vis\u00e9e apr\u00e8s l&rsquo;ind\u00e9pendance du pays en 1956. Ce texte condamne \u00abla sodomie\u00bb et \u00abl&rsquo;homosexualit\u00e9 masculine et f\u00e9minine\u00bb d&rsquo;une peine allant jusqu&rsquo;\u00e0 trois ans de prison pour les personnes prises en flagrant d\u00e9lit, soumises ensuite \u00e0 un test anal. Ce type d&rsquo;examen est r\u00e9guli\u00e8rement impos\u00e9 aux personnes soup\u00e7onn\u00e9es d&rsquo;homosexualit\u00e9 en Tunisie, bien qu&rsquo;il soit consid\u00e9r\u00e9 comme un acte de torture par l&rsquo;ONU et qu&rsquo;il contrevienne aux engagements internationaux du pays.<\/p>\n\n\n\n<p>\u00abPr\u00e9server la dignit\u00e9 et la vie priv\u00e9e\u00bb<br>Dans un communiqu\u00e9 publi\u00e9 le 21 juin, des ONG r\u00e9clamaient la lib\u00e9ration imm\u00e9diate des deux condamn\u00e9s et l&rsquo;abrogation de l&rsquo;article 230. \u00abLes membres de la communaut\u00e9 LGBT+ ne sont pas des citoyens de seconde zone\u00bb, a d\u00e9fendu lors de la manifestation Badr Baabou, pr\u00e9sident d&rsquo;honneur et cofondateur de DAMJ, association tunisienne pour la justice et l&rsquo;\u00e9galit\u00e9, pour qui l&rsquo;\u00c9tat tunisien doit \u00abpr\u00e9server la dignit\u00e9 et la vie priv\u00e9e\u00bb de ses citoyens.<\/p>\n\n\n\n<p>La Tunisie s&rsquo;\u00e9tait engag\u00e9e en 2017 devant le Conseil des droits de l&rsquo;Homme de l&rsquo;ONU \u00e0 ne plus imposer ces tests mais n&rsquo;a en r\u00e9alit\u00e9 jamais cess\u00e9 leur pratique selon les groupes de d\u00e9fense. Le pr\u00e9sident tunisien Ka\u00efs Saied, qui d\u00e9tient tous les pouvoirs depuis son coup de force du 25 juillet 2021, s&rsquo;oppose \u00e0 une d\u00e9criminalisation de l&rsquo;homosexualit\u00e9, tout en se pronon\u00e7ant contre les incarc\u00e9rations.<\/p>\n\n\n\n<p>AFP<\/p>\n","protected":false},"excerpt":{"rendered":"<p>Une soixantaine de militants de la cause LGBT+ ont manifest\u00e9 mercredi \u00e0 Tunis pour exiger la d\u00e9criminalisation de l&rsquo;homosexualit\u00e9, \u00e0 l&rsquo;appel de plusieurs ONG locales. \u00ab\u00c0 bas le test anal, \u00e0 bas les lois coloniales\u00bb, ont notamment scand\u00e9 les manifestants en cette journ\u00e9e mondiale de lutte contre la torture, en r\u00e9f\u00e9rence \u00e0 l&rsquo;article 230 du [&hellip;]<\/p>\n","protected":false},"author":1,"featured_media":29318,"comment_status":"open","ping_status":"open","sticky":false,"template":"","format":"standard","meta":{"om_disable_all_campaigns":false,"footnotes":""},"categories":[9,220],"tags":[416,32,59,63,415,244,413,414,294,131,417,189,187],"class_list":["post-29317","post","type-post","status-publish","format-standard","has-post-thumbnail","hentry","category-politique","category-trending-posts","tag-article-230-du-code-penal-tunisien","tag-business","tag-entertainment","tag-featured","tag-homosexualite","tag-laune","tag-lgbt","tag-lgbt-2","tag-manifestation","tag-politics","tag-test-anal","tag-trending-posts","tag-tunisie"],"yoast_head":"<!-- This site is optimized with the Yoast SEO plugin v27.5 - https:\/\/yoast.com\/product\/yoast-seo-wordpress\/ -->\n<title>Tunisie: manifestation pour la d\u00e9criminalisation de l&#039;homosexualit\u00e9 \u00e0 Tunis - Le pont de Gen\u00e8ve<\/title>\n<meta name=\"description\" content=\"Une plate-forme en ligne a but de promouvoir les \u00e9changes culturels entre la Suisse et la Tunisie , renforcer la d\u00e9mocratie en Tunisie, et donne une information fiable s\u00fbre et cr\u00e9dible avec une collecte des infos qui concerne les deux cultures.Le pont de Gen\u00e8ve est diriger, encadrer et financer par l\u2019association le pont Gen\u00e8ve.\" \/>\n<meta name=\"robots\" content=\"index, follow, max-snippet:-1, max-image-preview:large, max-video-preview:-1\" \/>\n<link rel=\"canonical\" href=\"https:\/\/lepontdegeneve.ch\/?p=29317\" \/>\n<meta property=\"og:locale\" content=\"fr_FR\" \/>\n<meta property=\"og:type\" content=\"article\" \/>\n<meta property=\"og:title\" content=\"Tunisie: manifestation pour la d\u00e9criminalisation de l&#039;homosexualit\u00e9 \u00e0 Tunis - Le pont de Gen\u00e8ve\" \/>\n<meta property=\"og:description\" content=\"Une plate-forme en ligne a but de promouvoir les \u00e9changes culturels entre la Suisse et la Tunisie , renforcer la d\u00e9mocratie en Tunisie, et donne une information fiable s\u00fbre et cr\u00e9dible avec une collecte des infos qui concerne les deux cultures.Le pont de Gen\u00e8ve est diriger, encadrer et financer par l\u2019association le pont Gen\u00e8ve.\" \/>\n<meta property=\"og:url\" content=\"https:\/\/lepontdegeneve.ch\/?p=29317\" \/>\n<meta property=\"og:site_name\" content=\"Le pont de Gen\u00e8ve\" \/>\n<meta property=\"article:published_time\" content=\"2024-06-27T14:56:55+00:00\" \/>\n<meta property=\"article:modified_time\" content=\"2024-06-27T14:57:23+00:00\" \/>\n<meta name=\"author\" content=\"Le Pont de Gen\u00e8ve\" \/>\n<meta name=\"twitter:card\" content=\"summary_large_image\" \/>\n<meta name=\"twitter:label1\" content=\"\u00c9crit par\" \/>\n\t<meta name=\"twitter:data1\" content=\"Le Pont de Gen\u00e8ve\" \/>\n\t<meta name=\"twitter:label2\" content=\"Dur\u00e9e de lecture estim\u00e9e\" \/>\n\t<meta name=\"twitter:data2\" content=\"2 minutes\" \/>\n<script type=\"application\/ld+json\" class=\"yoast-schema-graph\">{\"@context\":\"https:\\\/\\\/schema.org\",\"@graph\":[{\"@type\":\"Article\",\"@id\":\"https:\\\/\\\/lepontdegeneve.ch\\\/?p=29317#article\",\"isPartOf\":{\"@id\":\"https:\\\/\\\/lepontdegeneve.ch\\\/?p=29317\"},\"author\":{\"name\":\"Le Pont de Gen\u00e8ve\",\"@id\":\"https:\\\/\\\/lepontdegeneve.ch\\\/#\\\/schema\\\/person\\\/90128a12398fd99348a199e0c658139c\"},\"headline\":\"Tunisie: manifestation pour la d\u00e9criminalisation de l&rsquo;homosexualit\u00e9 \u00e0 Tunis\",\"datePublished\":\"2024-06-27T14:56:55+00:00\",\"dateModified\":\"2024-06-27T14:57:23+00:00\",\"mainEntityOfPage\":{\"@id\":\"https:\\\/\\\/lepontdegeneve.ch\\\/?p=29317\"},\"wordCount\":379,\"commentCount\":0,\"image\":{\"@id\":\"https:\\\/\\\/lepontdegeneve.ch\\\/?p=29317#primaryimage\"},\"thumbnailUrl\":\"https:\\\/\\\/lepontdegeneve.ch\\\/wp-content\\\/uploads\\\/2024\\\/06\\\/LGBTQ.avif\",\"keywords\":[\"article 230 du code p\u00e9nal tunisien\",\"Business\",\"Entertainment\",\"Featured\",\"homosexualit\u00e9\",\"Laune\",\"LGBT\",\"LGBT+\",\"manifestation\",\"Politics\",\"test anal\",\"Trending Posts\",\"Tunisie\"],\"articleSection\":[\"Politique\",\"Trending Posts\"],\"inLanguage\":\"fr-FR\",\"potentialAction\":[{\"@type\":\"CommentAction\",\"name\":\"Comment\",\"target\":[\"https:\\\/\\\/lepontdegeneve.ch\\\/?p=29317#respond\"]}]},{\"@type\":\"WebPage\",\"@id\":\"https:\\\/\\\/lepontdegeneve.ch\\\/?p=29317\",\"url\":\"https:\\\/\\\/lepontdegeneve.ch\\\/?p=29317\",\"name\":\"Tunisie: manifestation pour la d\u00e9criminalisation de l'homosexualit\u00e9 \u00e0 Tunis - Le pont de Gen\u00e8ve\",\"isPartOf\":{\"@id\":\"https:\\\/\\\/lepontdegeneve.ch\\\/#website\"},\"primaryImageOfPage\":{\"@id\":\"https:\\\/\\\/lepontdegeneve.ch\\\/?p=29317#primaryimage\"},\"image\":{\"@id\":\"https:\\\/\\\/lepontdegeneve.ch\\\/?p=29317#primaryimage\"},\"thumbnailUrl\":\"https:\\\/\\\/lepontdegeneve.ch\\\/wp-content\\\/uploads\\\/2024\\\/06\\\/LGBTQ.avif\",\"datePublished\":\"2024-06-27T14:56:55+00:00\",\"dateModified\":\"2024-06-27T14:57:23+00:00\",\"author\":{\"@id\":\"https:\\\/\\\/lepontdegeneve.ch\\\/#\\\/schema\\\/person\\\/90128a12398fd99348a199e0c658139c\"},\"description\":\"Une plate-forme en ligne a but de promouvoir les \u00e9changes culturels entre la Suisse et la Tunisie , renforcer la d\u00e9mocratie en Tunisie, et donne une information fiable s\u00fbre et cr\u00e9dible avec une collecte des infos qui concerne les deux cultures.Le pont de Gen\u00e8ve est diriger, encadrer et financer par l\u2019association le pont Gen\u00e8ve.\",\"breadcrumb\":{\"@id\":\"https:\\\/\\\/lepontdegeneve.ch\\\/?p=29317#breadcrumb\"},\"inLanguage\":\"fr-FR\",\"potentialAction\":[{\"@type\":\"ReadAction\",\"target\":[\"https:\\\/\\\/lepontdegeneve.ch\\\/?p=29317\"]}]},{\"@type\":\"ImageObject\",\"inLanguage\":\"fr-FR\",\"@id\":\"https:\\\/\\\/lepontdegeneve.ch\\\/?p=29317#primaryimage\",\"url\":\"https:\\\/\\\/lepontdegeneve.ch\\\/wp-content\\\/uploads\\\/2024\\\/06\\\/LGBTQ.avif\",\"contentUrl\":\"https:\\\/\\\/lepontdegeneve.ch\\\/wp-content\\\/uploads\\\/2024\\\/06\\\/LGBTQ.avif\",\"width\":1023,\"height\":575},{\"@type\":\"BreadcrumbList\",\"@id\":\"https:\\\/\\\/lepontdegeneve.ch\\\/?p=29317#breadcrumb\",\"itemListElement\":[{\"@type\":\"ListItem\",\"position\":1,\"name\":\"Accueil\",\"item\":\"https:\\\/\\\/lepontdegeneve.ch\\\/\"},{\"@type\":\"ListItem\",\"position\":2,\"name\":\"Tunisie: manifestation pour la d\u00e9criminalisation de l&rsquo;homosexualit\u00e9 \u00e0 Tunis\"}]},{\"@type\":\"WebSite\",\"@id\":\"https:\\\/\\\/lepontdegeneve.ch\\\/#website\",\"url\":\"https:\\\/\\\/lepontdegeneve.ch\\\/\",\"name\":\"Le pont de Gen\u00e8ve\",\"description\":\"\",\"potentialAction\":[{\"@type\":\"SearchAction\",\"target\":{\"@type\":\"EntryPoint\",\"urlTemplate\":\"https:\\\/\\\/lepontdegeneve.ch\\\/?s={search_term_string}\"},\"query-input\":{\"@type\":\"PropertyValueSpecification\",\"valueRequired\":true,\"valueName\":\"search_term_string\"}}],\"inLanguage\":\"fr-FR\"},{\"@type\":\"Person\",\"@id\":\"https:\\\/\\\/lepontdegeneve.ch\\\/#\\\/schema\\\/person\\\/90128a12398fd99348a199e0c658139c\",\"name\":\"Le Pont de Gen\u00e8ve\",\"image\":{\"@type\":\"ImageObject\",\"inLanguage\":\"fr-FR\",\"@id\":\"https:\\\/\\\/secure.gravatar.com\\\/avatar\\\/b2cd4b671948e0b3a044cce52421e758f75459e8a1b9e0493b750162492e12c9?s=96&d=mm&r=g\",\"url\":\"https:\\\/\\\/secure.gravatar.com\\\/avatar\\\/b2cd4b671948e0b3a044cce52421e758f75459e8a1b9e0493b750162492e12c9?s=96&d=mm&r=g\",\"contentUrl\":\"https:\\\/\\\/secure.gravatar.com\\\/avatar\\\/b2cd4b671948e0b3a044cce52421e758f75459e8a1b9e0493b750162492e12c9?s=96&d=mm&r=g\",\"caption\":\"Le Pont de Gen\u00e8ve\"},\"sameAs\":[\"https:\\\/\\\/lepontdegeneve.ch\"],\"url\":\"https:\\\/\\\/lepontdegeneve.ch\\\/?author=1\"}]}<\/script>\n<!-- \/ Yoast SEO plugin. -->","yoast_head_json":{"title":"Tunisie: manifestation pour la d\u00e9criminalisation de l'homosexualit\u00e9 \u00e0 Tunis - Le pont de Gen\u00e8ve","description":"Une plate-forme en ligne a but de promouvoir les \u00e9changes culturels entre la Suisse et la Tunisie , renforcer la d\u00e9mocratie en Tunisie, et donne une information fiable s\u00fbre et cr\u00e9dible avec une collecte des infos qui concerne les deux cultures.Le pont de Gen\u00e8ve est diriger, encadrer et financer par l\u2019association le pont Gen\u00e8ve.","robots":{"index":"index","follow":"follow","max-snippet":"max-snippet:-1","max-image-preview":"max-image-preview:large","max-video-preview":"max-video-preview:-1"},"canonical":"https:\/\/lepontdegeneve.ch\/?p=29317","og_locale":"fr_FR","og_type":"article","og_title":"Tunisie: manifestation pour la d\u00e9criminalisation de l'homosexualit\u00e9 \u00e0 Tunis - Le pont de Gen\u00e8ve","og_description":"Une plate-forme en ligne a but de promouvoir les \u00e9changes culturels entre la Suisse et la Tunisie , renforcer la d\u00e9mocratie en Tunisie, et donne une information fiable s\u00fbre et cr\u00e9dible avec une collecte des infos qui concerne les deux cultures.Le pont de Gen\u00e8ve est diriger, encadrer et financer par l\u2019association le pont Gen\u00e8ve.","og_url":"https:\/\/lepontdegeneve.ch\/?p=29317","og_site_name":"Le pont de Gen\u00e8ve","article_published_time":"2024-06-27T14:56:55+00:00","article_modified_time":"2024-06-27T14:57:23+00:00","author":"Le Pont de Gen\u00e8ve","twitter_card":"summary_large_image","twitter_misc":{"\u00c9crit par":"Le Pont de Gen\u00e8ve","Dur\u00e9e de lecture estim\u00e9e":"2 minutes"},"schema":{"@context":"https:\/\/schema.org","@graph":[{"@type":"Article","@id":"https:\/\/lepontdegeneve.ch\/?p=29317#article","isPartOf":{"@id":"https:\/\/lepontdegeneve.ch\/?p=29317"},"author":{"name":"Le Pont de Gen\u00e8ve","@id":"https:\/\/lepontdegeneve.ch\/#\/schema\/person\/90128a12398fd99348a199e0c658139c"},"headline":"Tunisie: manifestation pour la d\u00e9criminalisation de l&rsquo;homosexualit\u00e9 \u00e0 Tunis","datePublished":"2024-06-27T14:56:55+00:00","dateModified":"2024-06-27T14:57:23+00:00","mainEntityOfPage":{"@id":"https:\/\/lepontdegeneve.ch\/?p=29317"},"wordCount":379,"commentCount":0,"image":{"@id":"https:\/\/lepontdegeneve.ch\/?p=29317#primaryimage"},"thumbnailUrl":"https:\/\/lepontdegeneve.ch\/wp-content\/uploads\/2024\/06\/LGBTQ.avif","keywords":["article 230 du code p\u00e9nal tunisien","Business","Entertainment","Featured","homosexualit\u00e9","Laune","LGBT","LGBT+","manifestation","Politics","test anal","Trending Posts","Tunisie"],"articleSection":["Politique","Trending Posts"],"inLanguage":"fr-FR","potentialAction":[{"@type":"CommentAction","name":"Comment","target":["https:\/\/lepontdegeneve.ch\/?p=29317#respond"]}]},{"@type":"WebPage","@id":"https:\/\/lepontdegeneve.ch\/?p=29317","url":"https:\/\/lepontdegeneve.ch\/?p=29317","name":"Tunisie: manifestation pour la d\u00e9criminalisation de l'homosexualit\u00e9 \u00e0 Tunis - Le pont de Gen\u00e8ve","isPartOf":{"@id":"https:\/\/lepontdegeneve.ch\/#website"},"primaryImageOfPage":{"@id":"https:\/\/lepontdegeneve.ch\/?p=29317#primaryimage"},"image":{"@id":"https:\/\/lepontdegeneve.ch\/?p=29317#primaryimage"},"thumbnailUrl":"https:\/\/lepontdegeneve.ch\/wp-content\/uploads\/2024\/06\/LGBTQ.avif","datePublished":"2024-06-27T14:56:55+00:00","dateModified":"2024-06-27T14:57:23+00:00","author":{"@id":"https:\/\/lepontdegeneve.ch\/#\/schema\/person\/90128a12398fd99348a199e0c658139c"},"description":"Une plate-forme en ligne a but de promouvoir les \u00e9changes culturels entre la Suisse et la Tunisie , renforcer la d\u00e9mocratie en Tunisie, et donne une information fiable s\u00fbre et cr\u00e9dible avec une collecte des infos qui concerne les deux cultures.Le pont de Gen\u00e8ve est diriger, encadrer et financer par l\u2019association le pont Gen\u00e8ve.","breadcrumb":{"@id":"https:\/\/lepontdegeneve.ch\/?p=29317#breadcrumb"},"inLanguage":"fr-FR","potentialAction":[{"@type":"ReadAction","target":["https:\/\/lepontdegeneve.ch\/?p=29317"]}]},{"@type":"ImageObject","inLanguage":"fr-FR","@id":"https:\/\/lepontdegeneve.ch\/?p=29317#primaryimage","url":"https:\/\/lepontdegeneve.ch\/wp-content\/uploads\/2024\/06\/LGBTQ.avif","contentUrl":"https:\/\/lepontdegeneve.ch\/wp-content\/uploads\/2024\/06\/LGBTQ.avif","width":1023,"height":575},{"@type":"BreadcrumbList","@id":"https:\/\/lepontdegeneve.ch\/?p=29317#breadcrumb","itemListElement":[{"@type":"ListItem","position":1,"name":"Accueil","item":"https:\/\/lepontdegeneve.ch\/"},{"@type":"ListItem","position":2,"name":"Tunisie: manifestation pour la d\u00e9criminalisation de l&rsquo;homosexualit\u00e9 \u00e0 Tunis"}]},{"@type":"WebSite","@id":"https:\/\/lepontdegeneve.ch\/#website","url":"https:\/\/lepontdegeneve.ch\/","name":"Le pont de Gen\u00e8ve","description":"","potentialAction":[{"@type":"SearchAction","target":{"@type":"EntryPoint","urlTemplate":"https:\/\/lepontdegeneve.ch\/?s={search_term_string}"},"query-input":{"@type":"PropertyValueSpecification","valueRequired":true,"valueName":"search_term_string"}}],"inLanguage":"fr-FR"},{"@type":"Person","@id":"https:\/\/lepontdegeneve.ch\/#\/schema\/person\/90128a12398fd99348a199e0c658139c","name":"Le Pont de Gen\u00e8ve","image":{"@type":"ImageObject","inLanguage":"fr-FR","@id":"https:\/\/secure.gravatar.com\/avatar\/b2cd4b671948e0b3a044cce52421e758f75459e8a1b9e0493b750162492e12c9?s=96&d=mm&r=g","url":"https:\/\/secure.gravatar.com\/avatar\/b2cd4b671948e0b3a044cce52421e758f75459e8a1b9e0493b750162492e12c9?s=96&d=mm&r=g","contentUrl":"https:\/\/secure.gravatar.com\/avatar\/b2cd4b671948e0b3a044cce52421e758f75459e8a1b9e0493b750162492e12c9?s=96&d=mm&r=g","caption":"Le Pont de Gen\u00e8ve"},"sameAs":["https:\/\/lepontdegeneve.ch"],"url":"https:\/\/lepontdegeneve.ch\/?author=1"}]}},"amp_enabled":true,"_links":{"self":[{"href":"https:\/\/lepontdegeneve.ch\/index.php?rest_route=\/wp\/v2\/posts\/29317","targetHints":{"allow":["GET"]}}],"collection":[{"href":"https:\/\/lepontdegeneve.ch\/index.php?rest_route=\/wp\/v2\/posts"}],"about":[{"href":"https:\/\/lepontdegeneve.ch\/index.php?rest_route=\/wp\/v2\/types\/post"}],"author":[{"embeddable":true,"href":"https:\/\/lepontdegeneve.ch\/index.php?rest_route=\/wp\/v2\/users\/1"}],"replies":[{"embeddable":true,"href":"https:\/\/lepontdegeneve.ch\/index.php?rest_route=%2Fwp%2Fv2%2Fcomments&post=29317"}],"version-history":[{"count":1,"href":"https:\/\/lepontdegeneve.ch\/index.php?rest_route=\/wp\/v2\/posts\/29317\/revisions"}],"predecessor-version":[{"id":29319,"href":"https:\/\/lepontdegeneve.ch\/index.php?rest_route=\/wp\/v2\/posts\/29317\/revisions\/29319"}],"wp:featuredmedia":[{"embeddable":true,"href":"https:\/\/lepontdegeneve.ch\/index.php?rest_route=\/wp\/v2\/media\/29318"}],"wp:attachment":[{"href":"https:\/\/lepontdegeneve.ch\/index.php?rest_route=%2Fwp%2Fv2%2Fmedia&parent=29317"}],"wp:term":[{"taxonomy":"category","embeddable":true,"href":"https:\/\/lepontdegeneve.ch\/index.php?rest_route=%2Fwp%2Fv2%2Fcategories&post=29317"},{"taxonomy":"post_tag","embeddable":true,"href":"https:\/\/lepontdegeneve.ch\/index.php?rest_route=%2Fwp%2Fv2%2Ftags&post=29317"}],"curies":[{"name":"wp","href":"https:\/\/api.w.org\/{rel}","templated":true}]}}