{"id":29625,"date":"2024-08-17T16:57:10","date_gmt":"2024-08-17T14:57:10","guid":{"rendered":"https:\/\/lepontdegeneve.ch\/?p=29625"},"modified":"2024-08-17T16:57:56","modified_gmt":"2024-08-17T14:57:56","slug":"une-entreprise-suisse-innove-dans-la-preservation-vegetale-en-tunisie","status":"publish","type":"post","link":"https:\/\/lepontdegeneve.ch\/?p=29625","title":{"rendered":"Une entreprise suisse innove dans la pr\u00e9servation v\u00e9g\u00e9tale en Tunisie"},"content":{"rendered":"\n<p>L&rsquo;ambassadeur de Suisse en Tunisie, Josef Renggli, s&rsquo;est rendu hier \u00e0 Beni Khalled pour visiter Floradream, une entreprise sp\u00e9cialis\u00e9e dans la production de plantes stabilis\u00e9es. Cette visite souligne l&rsquo;int\u00e9r\u00eat diplomatique pour les initiatives entrepreneuriales helv\u00e9tiques en Tunisie.<\/p>\n\n\n\n<p>Fond\u00e9e par Serge Ruffieux, un entrepreneur suisse, Floradream se distingue par son proc\u00e9d\u00e9 innovant de conservation des v\u00e9g\u00e9taux. L&rsquo;entreprise se concentre principalement sur la stabilisation de branches de palmiers et de feuilles d&rsquo;oliviers, deux esp\u00e8ces embl\u00e9matiques de la flore m\u00e9diterran\u00e9enne.<\/p>\n\n\n\n<p>Le processus de stabilisation consiste \u00e0 remplacer la s\u00e8ve naturelle des plantes par un produit de conservation biod\u00e9gradable. Cette technique permet de pr\u00e9server l&rsquo;aspect naturel des v\u00e9g\u00e9taux tout en \u00e9liminant le besoin d&rsquo;arrosage et d&rsquo;entretien. Les plantes ainsi trait\u00e9es conservent leur apparence fra\u00eeche et naturelle sur une longue dur\u00e9e.<\/p>\n\n\n\n<p>Cette innovation r\u00e9pond \u00e0 une demande croissante pour des \u00e9l\u00e9ments de d\u00e9coration v\u00e9g\u00e9tale durables et faciles d&rsquo;entretien. Elle offre \u00e9galement des perspectives int\u00e9ressantes pour la valorisation de ressources v\u00e9g\u00e9tales locales.<\/p>\n\n\n\n<p>La visite de l&rsquo;ambassadeur Renggli t\u00e9moigne de l&rsquo;importance accord\u00e9e par la Suisse aux initiatives de ses ressortissants \u00e0 l&rsquo;\u00e9tranger, particuli\u00e8rement celles qui allient innovation et respect de l&rsquo;environnement. Elle souligne \u00e9galement le potentiel de coop\u00e9ration \u00e9conomique entre la Suisse et la Tunisie dans le domaine des technologies vertes.<\/p>\n\n\n\n<p>Ce projet illustre comment l&rsquo;expertise suisse en mati\u00e8re d&rsquo;innovation peut s&rsquo;adapter et prosp\u00e9rer dans le contexte tunisien, cr\u00e9ant ainsi des opportunit\u00e9s d&#8217;emploi et de d\u00e9veloppement \u00e9conomique local.<\/p>\n","protected":false},"excerpt":{"rendered":"<p>L&rsquo;ambassadeur de Suisse en Tunisie, Josef Renggli, s&rsquo;est rendu hier \u00e0 Beni Khalled pour visiter Floradream, une entreprise sp\u00e9cialis\u00e9e dans la production de plantes stabilis\u00e9es. Cette visite souligne l&rsquo;int\u00e9r\u00eat diplomatique pour les initiatives entrepreneuriales helv\u00e9tiques en Tunisie. Fond\u00e9e par Serge Ruffieux, un entrepreneur suisse, Floradream se distingue par son proc\u00e9d\u00e9 innovant de conservation des v\u00e9g\u00e9taux. [&hellip;]<\/p>\n","protected":false},"author":1,"featured_media":29626,"comment_status":"open","ping_status":"open","sticky":false,"template":"","format":"standard","meta":{"om_disable_all_campaigns":false,"footnotes":""},"categories":[6,451],"tags":[584,582,59,581,63,252,583,244,272,189,187],"class_list":["post-29625","post","type-post","status-publish","format-standard","has-post-thumbnail","hentry","category-business","category-culture","tag-ambassadeur-de-suisse","tag-beni-khalled","tag-entertainment","tag-entreprise","tag-featured","tag-geneve","tag-josef-renggli","tag-laune","tag-suisse","tag-trending-posts","tag-tunisie"],"yoast_head":"<!-- This site is optimized with the Yoast SEO plugin v27.5 - https:\/\/yoast.com\/product\/yoast-seo-wordpress\/ -->\n<title>Une entreprise suisse innove dans la pr\u00e9servation v\u00e9g\u00e9tale en Tunisie - Le pont de Gen\u00e8ve<\/title>\n<meta name=\"description\" content=\"Une plate-forme en ligne a but de promouvoir les \u00e9changes culturels entre la Suisse et la Tunisie , renforcer la d\u00e9mocratie en Tunisie, et donne une information fiable s\u00fbre et cr\u00e9dible avec une collecte des infos qui concerne les deux cultures.Le pont de Gen\u00e8ve est diriger, encadrer et financer par l\u2019association le pont Gen\u00e8ve.\" \/>\n<meta name=\"robots\" content=\"index, follow, max-snippet:-1, max-image-preview:large, max-video-preview:-1\" \/>\n<link rel=\"canonical\" href=\"https:\/\/lepontdegeneve.ch\/?p=29625\" \/>\n<meta property=\"og:locale\" content=\"fr_FR\" \/>\n<meta property=\"og:type\" content=\"article\" \/>\n<meta property=\"og:title\" content=\"Une entreprise suisse innove dans la pr\u00e9servation v\u00e9g\u00e9tale en Tunisie - Le pont de Gen\u00e8ve\" \/>\n<meta property=\"og:description\" content=\"Une plate-forme en ligne a but de promouvoir les \u00e9changes culturels entre la Suisse et la Tunisie , renforcer la d\u00e9mocratie en Tunisie, et donne une information fiable s\u00fbre et cr\u00e9dible avec une collecte des infos qui concerne les deux cultures.Le pont de Gen\u00e8ve est diriger, encadrer et financer par l\u2019association le pont Gen\u00e8ve.\" \/>\n<meta property=\"og:url\" content=\"https:\/\/lepontdegeneve.ch\/?p=29625\" \/>\n<meta property=\"og:site_name\" content=\"Le pont de Gen\u00e8ve\" \/>\n<meta property=\"article:published_time\" content=\"2024-08-17T14:57:10+00:00\" \/>\n<meta property=\"article:modified_time\" content=\"2024-08-17T14:57:56+00:00\" \/>\n<meta property=\"og:image\" content=\"https:\/\/lepontdegeneve.ch\/wp-content\/uploads\/2024\/08\/Ambassadeur-Suisse.jpg\" \/>\n\t<meta property=\"og:image:width\" content=\"1080\" \/>\n\t<meta property=\"og:image:height\" content=\"720\" \/>\n\t<meta property=\"og:image:type\" content=\"image\/jpeg\" \/>\n<meta name=\"author\" content=\"Le Pont de Gen\u00e8ve\" \/>\n<meta name=\"twitter:card\" content=\"summary_large_image\" \/>\n<meta name=\"twitter:label1\" content=\"\u00c9crit par\" \/>\n\t<meta name=\"twitter:data1\" content=\"Le Pont de Gen\u00e8ve\" \/>\n\t<meta name=\"twitter:label2\" content=\"Dur\u00e9e de lecture estim\u00e9e\" \/>\n\t<meta name=\"twitter:data2\" content=\"1 minute\" \/>\n<script type=\"application\/ld+json\" class=\"yoast-schema-graph\">{\"@context\":\"https:\\\/\\\/schema.org\",\"@graph\":[{\"@type\":\"Article\",\"@id\":\"https:\\\/\\\/lepontdegeneve.ch\\\/?p=29625#article\",\"isPartOf\":{\"@id\":\"https:\\\/\\\/lepontdegeneve.ch\\\/?p=29625\"},\"author\":{\"name\":\"Le Pont de Gen\u00e8ve\",\"@id\":\"https:\\\/\\\/lepontdegeneve.ch\\\/#\\\/schema\\\/person\\\/90128a12398fd99348a199e0c658139c\"},\"headline\":\"Une entreprise suisse innove dans la pr\u00e9servation v\u00e9g\u00e9tale en Tunisie\",\"datePublished\":\"2024-08-17T14:57:10+00:00\",\"dateModified\":\"2024-08-17T14:57:56+00:00\",\"mainEntityOfPage\":{\"@id\":\"https:\\\/\\\/lepontdegeneve.ch\\\/?p=29625\"},\"wordCount\":296,\"commentCount\":0,\"image\":{\"@id\":\"https:\\\/\\\/lepontdegeneve.ch\\\/?p=29625#primaryimage\"},\"thumbnailUrl\":\"https:\\\/\\\/lepontdegeneve.ch\\\/wp-content\\\/uploads\\\/2024\\\/08\\\/Ambassadeur-Suisse.jpg\",\"keywords\":[\"ambassadeur de Suisse\",\"Beni Khalled\",\"Entertainment\",\"entreprise\",\"Featured\",\"gen\u00e8ve\",\"Josef Renggli\",\"Laune\",\"Suisse\",\"Trending Posts\",\"Tunisie\"],\"articleSection\":[\"BUSINESS\",\"Culture\"],\"inLanguage\":\"fr-FR\",\"potentialAction\":[{\"@type\":\"CommentAction\",\"name\":\"Comment\",\"target\":[\"https:\\\/\\\/lepontdegeneve.ch\\\/?p=29625#respond\"]}]},{\"@type\":\"WebPage\",\"@id\":\"https:\\\/\\\/lepontdegeneve.ch\\\/?p=29625\",\"url\":\"https:\\\/\\\/lepontdegeneve.ch\\\/?p=29625\",\"name\":\"Une entreprise suisse innove dans la pr\u00e9servation v\u00e9g\u00e9tale en Tunisie - Le pont de Gen\u00e8ve\",\"isPartOf\":{\"@id\":\"https:\\\/\\\/lepontdegeneve.ch\\\/#website\"},\"primaryImageOfPage\":{\"@id\":\"https:\\\/\\\/lepontdegeneve.ch\\\/?p=29625#primaryimage\"},\"image\":{\"@id\":\"https:\\\/\\\/lepontdegeneve.ch\\\/?p=29625#primaryimage\"},\"thumbnailUrl\":\"https:\\\/\\\/lepontdegeneve.ch\\\/wp-content\\\/uploads\\\/2024\\\/08\\\/Ambassadeur-Suisse.jpg\",\"datePublished\":\"2024-08-17T14:57:10+00:00\",\"dateModified\":\"2024-08-17T14:57:56+00:00\",\"author\":{\"@id\":\"https:\\\/\\\/lepontdegeneve.ch\\\/#\\\/schema\\\/person\\\/90128a12398fd99348a199e0c658139c\"},\"description\":\"Une plate-forme en ligne a but de promouvoir les \u00e9changes culturels entre la Suisse et la Tunisie , renforcer la d\u00e9mocratie en Tunisie, et donne une information fiable s\u00fbre et cr\u00e9dible avec une collecte des infos qui concerne les deux cultures.Le pont de Gen\u00e8ve est diriger, encadrer et financer par l\u2019association le pont Gen\u00e8ve.\",\"breadcrumb\":{\"@id\":\"https:\\\/\\\/lepontdegeneve.ch\\\/?p=29625#breadcrumb\"},\"inLanguage\":\"fr-FR\",\"potentialAction\":[{\"@type\":\"ReadAction\",\"target\":[\"https:\\\/\\\/lepontdegeneve.ch\\\/?p=29625\"]}]},{\"@type\":\"ImageObject\",\"inLanguage\":\"fr-FR\",\"@id\":\"https:\\\/\\\/lepontdegeneve.ch\\\/?p=29625#primaryimage\",\"url\":\"https:\\\/\\\/lepontdegeneve.ch\\\/wp-content\\\/uploads\\\/2024\\\/08\\\/Ambassadeur-Suisse.jpg\",\"contentUrl\":\"https:\\\/\\\/lepontdegeneve.ch\\\/wp-content\\\/uploads\\\/2024\\\/08\\\/Ambassadeur-Suisse.jpg\",\"width\":1080,\"height\":720},{\"@type\":\"BreadcrumbList\",\"@id\":\"https:\\\/\\\/lepontdegeneve.ch\\\/?p=29625#breadcrumb\",\"itemListElement\":[{\"@type\":\"ListItem\",\"position\":1,\"name\":\"Accueil\",\"item\":\"https:\\\/\\\/lepontdegeneve.ch\\\/\"},{\"@type\":\"ListItem\",\"position\":2,\"name\":\"Une entreprise suisse innove dans la pr\u00e9servation v\u00e9g\u00e9tale en Tunisie\"}]},{\"@type\":\"WebSite\",\"@id\":\"https:\\\/\\\/lepontdegeneve.ch\\\/#website\",\"url\":\"https:\\\/\\\/lepontdegeneve.ch\\\/\",\"name\":\"Le pont de Gen\u00e8ve\",\"description\":\"\",\"potentialAction\":[{\"@type\":\"SearchAction\",\"target\":{\"@type\":\"EntryPoint\",\"urlTemplate\":\"https:\\\/\\\/lepontdegeneve.ch\\\/?s={search_term_string}\"},\"query-input\":{\"@type\":\"PropertyValueSpecification\",\"valueRequired\":true,\"valueName\":\"search_term_string\"}}],\"inLanguage\":\"fr-FR\"},{\"@type\":\"Person\",\"@id\":\"https:\\\/\\\/lepontdegeneve.ch\\\/#\\\/schema\\\/person\\\/90128a12398fd99348a199e0c658139c\",\"name\":\"Le Pont de Gen\u00e8ve\",\"image\":{\"@type\":\"ImageObject\",\"inLanguage\":\"fr-FR\",\"@id\":\"https:\\\/\\\/secure.gravatar.com\\\/avatar\\\/b2cd4b671948e0b3a044cce52421e758f75459e8a1b9e0493b750162492e12c9?s=96&d=mm&r=g\",\"url\":\"https:\\\/\\\/secure.gravatar.com\\\/avatar\\\/b2cd4b671948e0b3a044cce52421e758f75459e8a1b9e0493b750162492e12c9?s=96&d=mm&r=g\",\"contentUrl\":\"https:\\\/\\\/secure.gravatar.com\\\/avatar\\\/b2cd4b671948e0b3a044cce52421e758f75459e8a1b9e0493b750162492e12c9?s=96&d=mm&r=g\",\"caption\":\"Le Pont de Gen\u00e8ve\"},\"sameAs\":[\"https:\\\/\\\/lepontdegeneve.ch\"],\"url\":\"https:\\\/\\\/lepontdegeneve.ch\\\/?author=1\"}]}<\/script>\n<!-- \/ Yoast SEO plugin. -->","yoast_head_json":{"title":"Une entreprise suisse innove dans la pr\u00e9servation v\u00e9g\u00e9tale en Tunisie - Le pont de Gen\u00e8ve","description":"Une plate-forme en ligne a but de promouvoir les \u00e9changes culturels entre la Suisse et la Tunisie , renforcer la d\u00e9mocratie en Tunisie, et donne une information fiable s\u00fbre et cr\u00e9dible avec une collecte des infos qui concerne les deux cultures.Le pont de Gen\u00e8ve est diriger, encadrer et financer par l\u2019association le pont Gen\u00e8ve.","robots":{"index":"index","follow":"follow","max-snippet":"max-snippet:-1","max-image-preview":"max-image-preview:large","max-video-preview":"max-video-preview:-1"},"canonical":"https:\/\/lepontdegeneve.ch\/?p=29625","og_locale":"fr_FR","og_type":"article","og_title":"Une entreprise suisse innove dans la pr\u00e9servation v\u00e9g\u00e9tale en Tunisie - Le pont de Gen\u00e8ve","og_description":"Une plate-forme en ligne a but de promouvoir les \u00e9changes culturels entre la Suisse et la Tunisie , renforcer la d\u00e9mocratie en Tunisie, et donne une information fiable s\u00fbre et cr\u00e9dible avec une collecte des infos qui concerne les deux cultures.Le pont de Gen\u00e8ve est diriger, encadrer et financer par l\u2019association le pont Gen\u00e8ve.","og_url":"https:\/\/lepontdegeneve.ch\/?p=29625","og_site_name":"Le pont de Gen\u00e8ve","article_published_time":"2024-08-17T14:57:10+00:00","article_modified_time":"2024-08-17T14:57:56+00:00","og_image":[{"width":1080,"height":720,"url":"https:\/\/lepontdegeneve.ch\/wp-content\/uploads\/2024\/08\/Ambassadeur-Suisse.jpg","type":"image\/jpeg"}],"author":"Le Pont de Gen\u00e8ve","twitter_card":"summary_large_image","twitter_misc":{"\u00c9crit par":"Le Pont de Gen\u00e8ve","Dur\u00e9e de lecture estim\u00e9e":"1 minute"},"schema":{"@context":"https:\/\/schema.org","@graph":[{"@type":"Article","@id":"https:\/\/lepontdegeneve.ch\/?p=29625#article","isPartOf":{"@id":"https:\/\/lepontdegeneve.ch\/?p=29625"},"author":{"name":"Le Pont de Gen\u00e8ve","@id":"https:\/\/lepontdegeneve.ch\/#\/schema\/person\/90128a12398fd99348a199e0c658139c"},"headline":"Une entreprise suisse innove dans la pr\u00e9servation v\u00e9g\u00e9tale en Tunisie","datePublished":"2024-08-17T14:57:10+00:00","dateModified":"2024-08-17T14:57:56+00:00","mainEntityOfPage":{"@id":"https:\/\/lepontdegeneve.ch\/?p=29625"},"wordCount":296,"commentCount":0,"image":{"@id":"https:\/\/lepontdegeneve.ch\/?p=29625#primaryimage"},"thumbnailUrl":"https:\/\/lepontdegeneve.ch\/wp-content\/uploads\/2024\/08\/Ambassadeur-Suisse.jpg","keywords":["ambassadeur de Suisse","Beni Khalled","Entertainment","entreprise","Featured","gen\u00e8ve","Josef Renggli","Laune","Suisse","Trending Posts","Tunisie"],"articleSection":["BUSINESS","Culture"],"inLanguage":"fr-FR","potentialAction":[{"@type":"CommentAction","name":"Comment","target":["https:\/\/lepontdegeneve.ch\/?p=29625#respond"]}]},{"@type":"WebPage","@id":"https:\/\/lepontdegeneve.ch\/?p=29625","url":"https:\/\/lepontdegeneve.ch\/?p=29625","name":"Une entreprise suisse innove dans la pr\u00e9servation v\u00e9g\u00e9tale en Tunisie - Le pont de Gen\u00e8ve","isPartOf":{"@id":"https:\/\/lepontdegeneve.ch\/#website"},"primaryImageOfPage":{"@id":"https:\/\/lepontdegeneve.ch\/?p=29625#primaryimage"},"image":{"@id":"https:\/\/lepontdegeneve.ch\/?p=29625#primaryimage"},"thumbnailUrl":"https:\/\/lepontdegeneve.ch\/wp-content\/uploads\/2024\/08\/Ambassadeur-Suisse.jpg","datePublished":"2024-08-17T14:57:10+00:00","dateModified":"2024-08-17T14:57:56+00:00","author":{"@id":"https:\/\/lepontdegeneve.ch\/#\/schema\/person\/90128a12398fd99348a199e0c658139c"},"description":"Une plate-forme en ligne a but de promouvoir les \u00e9changes culturels entre la Suisse et la Tunisie , renforcer la d\u00e9mocratie en Tunisie, et donne une information fiable s\u00fbre et cr\u00e9dible avec une collecte des infos qui concerne les deux cultures.Le pont de Gen\u00e8ve est diriger, encadrer et financer par l\u2019association le pont Gen\u00e8ve.","breadcrumb":{"@id":"https:\/\/lepontdegeneve.ch\/?p=29625#breadcrumb"},"inLanguage":"fr-FR","potentialAction":[{"@type":"ReadAction","target":["https:\/\/lepontdegeneve.ch\/?p=29625"]}]},{"@type":"ImageObject","inLanguage":"fr-FR","@id":"https:\/\/lepontdegeneve.ch\/?p=29625#primaryimage","url":"https:\/\/lepontdegeneve.ch\/wp-content\/uploads\/2024\/08\/Ambassadeur-Suisse.jpg","contentUrl":"https:\/\/lepontdegeneve.ch\/wp-content\/uploads\/2024\/08\/Ambassadeur-Suisse.jpg","width":1080,"height":720},{"@type":"BreadcrumbList","@id":"https:\/\/lepontdegeneve.ch\/?p=29625#breadcrumb","itemListElement":[{"@type":"ListItem","position":1,"name":"Accueil","item":"https:\/\/lepontdegeneve.ch\/"},{"@type":"ListItem","position":2,"name":"Une entreprise suisse innove dans la pr\u00e9servation v\u00e9g\u00e9tale en Tunisie"}]},{"@type":"WebSite","@id":"https:\/\/lepontdegeneve.ch\/#website","url":"https:\/\/lepontdegeneve.ch\/","name":"Le pont de Gen\u00e8ve","description":"","potentialAction":[{"@type":"SearchAction","target":{"@type":"EntryPoint","urlTemplate":"https:\/\/lepontdegeneve.ch\/?s={search_term_string}"},"query-input":{"@type":"PropertyValueSpecification","valueRequired":true,"valueName":"search_term_string"}}],"inLanguage":"fr-FR"},{"@type":"Person","@id":"https:\/\/lepontdegeneve.ch\/#\/schema\/person\/90128a12398fd99348a199e0c658139c","name":"Le Pont de Gen\u00e8ve","image":{"@type":"ImageObject","inLanguage":"fr-FR","@id":"https:\/\/secure.gravatar.com\/avatar\/b2cd4b671948e0b3a044cce52421e758f75459e8a1b9e0493b750162492e12c9?s=96&d=mm&r=g","url":"https:\/\/secure.gravatar.com\/avatar\/b2cd4b671948e0b3a044cce52421e758f75459e8a1b9e0493b750162492e12c9?s=96&d=mm&r=g","contentUrl":"https:\/\/secure.gravatar.com\/avatar\/b2cd4b671948e0b3a044cce52421e758f75459e8a1b9e0493b750162492e12c9?s=96&d=mm&r=g","caption":"Le Pont de Gen\u00e8ve"},"sameAs":["https:\/\/lepontdegeneve.ch"],"url":"https:\/\/lepontdegeneve.ch\/?author=1"}]}},"amp_enabled":true,"_links":{"self":[{"href":"https:\/\/lepontdegeneve.ch\/index.php?rest_route=\/wp\/v2\/posts\/29625","targetHints":{"allow":["GET"]}}],"collection":[{"href":"https:\/\/lepontdegeneve.ch\/index.php?rest_route=\/wp\/v2\/posts"}],"about":[{"href":"https:\/\/lepontdegeneve.ch\/index.php?rest_route=\/wp\/v2\/types\/post"}],"author":[{"embeddable":true,"href":"https:\/\/lepontdegeneve.ch\/index.php?rest_route=\/wp\/v2\/users\/1"}],"replies":[{"embeddable":true,"href":"https:\/\/lepontdegeneve.ch\/index.php?rest_route=%2Fwp%2Fv2%2Fcomments&post=29625"}],"version-history":[{"count":1,"href":"https:\/\/lepontdegeneve.ch\/index.php?rest_route=\/wp\/v2\/posts\/29625\/revisions"}],"predecessor-version":[{"id":29627,"href":"https:\/\/lepontdegeneve.ch\/index.php?rest_route=\/wp\/v2\/posts\/29625\/revisions\/29627"}],"wp:featuredmedia":[{"embeddable":true,"href":"https:\/\/lepontdegeneve.ch\/index.php?rest_route=\/wp\/v2\/media\/29626"}],"wp:attachment":[{"href":"https:\/\/lepontdegeneve.ch\/index.php?rest_route=%2Fwp%2Fv2%2Fmedia&parent=29625"}],"wp:term":[{"taxonomy":"category","embeddable":true,"href":"https:\/\/lepontdegeneve.ch\/index.php?rest_route=%2Fwp%2Fv2%2Fcategories&post=29625"},{"taxonomy":"post_tag","embeddable":true,"href":"https:\/\/lepontdegeneve.ch\/index.php?rest_route=%2Fwp%2Fv2%2Ftags&post=29625"}],"curies":[{"name":"wp","href":"https:\/\/api.w.org\/{rel}","templated":true}]}}