{"id":29825,"date":"2024-10-25T10:00:00","date_gmt":"2024-10-25T08:00:00","guid":{"rendered":"https:\/\/lepontdegeneve.ch\/?p=29825"},"modified":"2024-10-27T07:23:46","modified_gmt":"2024-10-27T06:23:46","slug":"tunisie-liste-complete-des-magistrats-avocats-et-experts-vises-par-lenquete-dans-laffaire-mimouni","status":"publish","type":"post","link":"https:\/\/lepontdegeneve.ch\/?p=29825","title":{"rendered":"Tunisie : Liste des magistrats, avocats et experts vis\u00e9s par l&rsquo;enqu\u00eate dans l&rsquo;affaire Mimouni"},"content":{"rendered":"\n<p>Un important d\u00e9veloppement judiciaire secoue actuellement la Tunisie, marqu\u00e9 par l&rsquo;ouverture d&rsquo;une s\u00e9rie d&rsquo;enqu\u00eates impliquant des figures majeures du syst\u00e8me juridique national. Au c\u0153ur de cette affaire se trouve le dossier de l&rsquo;homme d&rsquo;affaires Youssef Mimouni, qui entra\u00eene dans son sillage un nombre significatif de professionnels du droit.<\/p>\n\n\n\n<p>Les autorit\u00e9s judiciaires ont annonc\u00e9 aujourd&rsquo;hui l&rsquo;ouverture d&rsquo;enqu\u00eates visant onze magistrats, dont plusieurs figures respect\u00e9es de la magistrature tunisienne. Parmi eux figurent <strong>Mehdi Mechat, Tayeb Rached, Ali Souibgui, Imene Ben Abdallah, Marwa Azizi, Sana Zaghdoudi, Imed Aouini, Assia Ayari, Imed Nafzi, Mohamed Malki et Ridha Oueslati.<\/strong><\/p>\n\n\n\n<p>L&rsquo;affaire ne se limite pas au corps judiciaire. Sept avocats de renom sont \u00e9galement concern\u00e9s par ces investigations, notamment <strong>Jamel Salhi, Mohamed Hadfi, Imed Zine, Naila Mechat, Farhat Rajhi, Raja Bouhiafi et Lamjed Neguati. Par ailleurs, trois experts, Riadh Stambouli, Bechir Akkari et Rachid Mechat,<\/strong> font aussi l&rsquo;objet d&rsquo;enqu\u00eates.<\/p>\n\n\n\n<p>Ces d\u00e9veloppements s&rsquo;inscrivent dans un contexte plus large impliquant trente-trois autres personnes physiques, ainsi que plusieurs personnes morales, selon les informations disponibles.<\/p>\n\n\n\n<p>Cette vague d&rsquo;enqu\u00eates soul\u00e8ve des interrogations au sein de la communaut\u00e9 juridique tunisienne et des organisations de d\u00e9fense des droits de l&rsquo;Homme. Certains observateurs y voient un possible impact sur l&rsquo;ind\u00e9pendance de la justice, principe fondamental dans toute d\u00e9mocratie.<\/p>\n\n\n\n<p>Cette situation intervient dans un contexte politique d\u00e9j\u00e0 tendu en Tunisie, o\u00f9 les questions de l&rsquo;ind\u00e9pendance de la justice et de la s\u00e9paration des pouvoirs font r\u00e9guli\u00e8rement d\u00e9bat. Les d\u00e9veloppements de cette affaire seront suivis de pr\u00e8s par les acteurs de la soci\u00e9t\u00e9 civile et les observateurs internationaux, soucieux de pr\u00e9server les acquis d\u00e9mocratiques du pays.<\/p>\n","protected":false},"excerpt":{"rendered":"<p>Un important d\u00e9veloppement judiciaire secoue actuellement la Tunisie, marqu\u00e9 par l&rsquo;ouverture d&rsquo;une s\u00e9rie d&rsquo;enqu\u00eates impliquant des figures majeures du syst\u00e8me juridique national. Au c\u0153ur de cette affaire se trouve le dossier de l&rsquo;homme d&rsquo;affaires Youssef Mimouni, qui entra\u00eene dans son sillage un nombre significatif de professionnels du droit. Les autorit\u00e9s judiciaires ont annonc\u00e9 aujourd&rsquo;hui l&rsquo;ouverture [&hellip;]<\/p>\n","protected":false},"author":1,"featured_media":29826,"comment_status":"open","ping_status":"open","sticky":false,"template":"","format":"standard","meta":{"om_disable_all_campaigns":false,"footnotes":""},"categories":[9],"tags":[260,59,63,193,192,244,344,131,626,189,187,627],"class_list":["post-29825","post","type-post","status-publish","format-standard","has-post-thumbnail","hentry","category-politique","tag-avocats","tag-entertainment","tag-featured","tag-kais-said","tag-kais-saied","tag-laune","tag-magistrats","tag-politics","tag-tayeb-rached","tag-trending-posts","tag-tunisie","tag-youssef-mimouni"],"yoast_head":"<!-- This site is optimized with the Yoast SEO plugin v27.5 - https:\/\/yoast.com\/product\/yoast-seo-wordpress\/ -->\n<title>Tunisie : Liste des magistrats, avocats et experts vis\u00e9s par l&#039;enqu\u00eate dans l&#039;affaire Mimouni - Le pont de Gen\u00e8ve<\/title>\n<meta name=\"description\" content=\"Une plate-forme en ligne a but de promouvoir les \u00e9changes culturels entre la Suisse et la Tunisie , renforcer la d\u00e9mocratie en Tunisie, et donne une information fiable s\u00fbre et cr\u00e9dible avec une collecte des infos qui concerne les deux cultures.Le pont de Gen\u00e8ve est diriger, encadrer et financer par l\u2019association le pont Gen\u00e8ve.\" \/>\n<meta name=\"robots\" content=\"index, follow, max-snippet:-1, max-image-preview:large, max-video-preview:-1\" \/>\n<link rel=\"canonical\" href=\"https:\/\/lepontdegeneve.ch\/?p=29825\" \/>\n<meta property=\"og:locale\" content=\"fr_FR\" \/>\n<meta property=\"og:type\" content=\"article\" \/>\n<meta property=\"og:title\" content=\"Tunisie : Liste des magistrats, avocats et experts vis\u00e9s par l&#039;enqu\u00eate dans l&#039;affaire Mimouni - Le pont de Gen\u00e8ve\" \/>\n<meta property=\"og:description\" content=\"Une plate-forme en ligne a but de promouvoir les \u00e9changes culturels entre la Suisse et la Tunisie , renforcer la d\u00e9mocratie en Tunisie, et donne une information fiable s\u00fbre et cr\u00e9dible avec une collecte des infos qui concerne les deux cultures.Le pont de Gen\u00e8ve est diriger, encadrer et financer par l\u2019association le pont Gen\u00e8ve.\" \/>\n<meta property=\"og:url\" content=\"https:\/\/lepontdegeneve.ch\/?p=29825\" \/>\n<meta property=\"og:site_name\" content=\"Le pont de Gen\u00e8ve\" \/>\n<meta property=\"article:published_time\" content=\"2024-10-25T08:00:00+00:00\" \/>\n<meta property=\"article:modified_time\" content=\"2024-10-27T06:23:46+00:00\" \/>\n<meta property=\"og:image\" content=\"https:\/\/lepontdegeneve.ch\/wp-content\/uploads\/2024\/10\/AP110212131913.jpg\" \/>\n\t<meta property=\"og:image:width\" content=\"1024\" \/>\n\t<meta property=\"og:image:height\" content=\"687\" \/>\n\t<meta property=\"og:image:type\" content=\"image\/jpeg\" \/>\n<meta name=\"author\" content=\"Le Pont de Gen\u00e8ve\" \/>\n<meta name=\"twitter:card\" content=\"summary_large_image\" \/>\n<meta name=\"twitter:label1\" content=\"\u00c9crit par\" \/>\n\t<meta name=\"twitter:data1\" content=\"Le Pont de Gen\u00e8ve\" \/>\n\t<meta name=\"twitter:label2\" content=\"Dur\u00e9e de lecture estim\u00e9e\" \/>\n\t<meta name=\"twitter:data2\" content=\"1 minute\" \/>\n<script type=\"application\/ld+json\" class=\"yoast-schema-graph\">{\"@context\":\"https:\\\/\\\/schema.org\",\"@graph\":[{\"@type\":\"Article\",\"@id\":\"https:\\\/\\\/lepontdegeneve.ch\\\/?p=29825#article\",\"isPartOf\":{\"@id\":\"https:\\\/\\\/lepontdegeneve.ch\\\/?p=29825\"},\"author\":{\"name\":\"Le Pont de Gen\u00e8ve\",\"@id\":\"https:\\\/\\\/lepontdegeneve.ch\\\/#\\\/schema\\\/person\\\/90128a12398fd99348a199e0c658139c\"},\"headline\":\"Tunisie : Liste des magistrats, avocats et experts vis\u00e9s par l&rsquo;enqu\u00eate dans l&rsquo;affaire Mimouni\",\"datePublished\":\"2024-10-25T08:00:00+00:00\",\"dateModified\":\"2024-10-27T06:23:46+00:00\",\"mainEntityOfPage\":{\"@id\":\"https:\\\/\\\/lepontdegeneve.ch\\\/?p=29825\"},\"wordCount\":321,\"commentCount\":0,\"image\":{\"@id\":\"https:\\\/\\\/lepontdegeneve.ch\\\/?p=29825#primaryimage\"},\"thumbnailUrl\":\"https:\\\/\\\/lepontdegeneve.ch\\\/wp-content\\\/uploads\\\/2024\\\/10\\\/AP110212131913.jpg\",\"keywords\":[\"Avocats\",\"Entertainment\",\"Featured\",\"Kais Said\",\"Kais Saied\",\"Laune\",\"magistrats\",\"Politics\",\"Tayeb Rached\",\"Trending Posts\",\"Tunisie\",\"Youssef Mimouni\"],\"articleSection\":[\"Politique\"],\"inLanguage\":\"fr-FR\",\"potentialAction\":[{\"@type\":\"CommentAction\",\"name\":\"Comment\",\"target\":[\"https:\\\/\\\/lepontdegeneve.ch\\\/?p=29825#respond\"]}]},{\"@type\":\"WebPage\",\"@id\":\"https:\\\/\\\/lepontdegeneve.ch\\\/?p=29825\",\"url\":\"https:\\\/\\\/lepontdegeneve.ch\\\/?p=29825\",\"name\":\"Tunisie : Liste des magistrats, avocats et experts vis\u00e9s par l'enqu\u00eate dans l'affaire Mimouni - Le pont de Gen\u00e8ve\",\"isPartOf\":{\"@id\":\"https:\\\/\\\/lepontdegeneve.ch\\\/#website\"},\"primaryImageOfPage\":{\"@id\":\"https:\\\/\\\/lepontdegeneve.ch\\\/?p=29825#primaryimage\"},\"image\":{\"@id\":\"https:\\\/\\\/lepontdegeneve.ch\\\/?p=29825#primaryimage\"},\"thumbnailUrl\":\"https:\\\/\\\/lepontdegeneve.ch\\\/wp-content\\\/uploads\\\/2024\\\/10\\\/AP110212131913.jpg\",\"datePublished\":\"2024-10-25T08:00:00+00:00\",\"dateModified\":\"2024-10-27T06:23:46+00:00\",\"author\":{\"@id\":\"https:\\\/\\\/lepontdegeneve.ch\\\/#\\\/schema\\\/person\\\/90128a12398fd99348a199e0c658139c\"},\"description\":\"Une plate-forme en ligne a but de promouvoir les \u00e9changes culturels entre la Suisse et la Tunisie , renforcer la d\u00e9mocratie en Tunisie, et donne une information fiable s\u00fbre et cr\u00e9dible avec une collecte des infos qui concerne les deux cultures.Le pont de Gen\u00e8ve est diriger, encadrer et financer par l\u2019association le pont Gen\u00e8ve.\",\"breadcrumb\":{\"@id\":\"https:\\\/\\\/lepontdegeneve.ch\\\/?p=29825#breadcrumb\"},\"inLanguage\":\"fr-FR\",\"potentialAction\":[{\"@type\":\"ReadAction\",\"target\":[\"https:\\\/\\\/lepontdegeneve.ch\\\/?p=29825\"]}]},{\"@type\":\"ImageObject\",\"inLanguage\":\"fr-FR\",\"@id\":\"https:\\\/\\\/lepontdegeneve.ch\\\/?p=29825#primaryimage\",\"url\":\"https:\\\/\\\/lepontdegeneve.ch\\\/wp-content\\\/uploads\\\/2024\\\/10\\\/AP110212131913.jpg\",\"contentUrl\":\"https:\\\/\\\/lepontdegeneve.ch\\\/wp-content\\\/uploads\\\/2024\\\/10\\\/AP110212131913.jpg\",\"width\":1024,\"height\":687,\"caption\":\"Tunisian magistrates and lawyers demonstrate as they ask for independence of the Judiciary system in Tunis, Tunisia, Saturday Feb. 12, 2011. (AP Photo\\\/Hassene Dridi)\"},{\"@type\":\"BreadcrumbList\",\"@id\":\"https:\\\/\\\/lepontdegeneve.ch\\\/?p=29825#breadcrumb\",\"itemListElement\":[{\"@type\":\"ListItem\",\"position\":1,\"name\":\"Accueil\",\"item\":\"https:\\\/\\\/lepontdegeneve.ch\\\/\"},{\"@type\":\"ListItem\",\"position\":2,\"name\":\"Tunisie : Liste des magistrats, avocats et experts vis\u00e9s par l&rsquo;enqu\u00eate dans l&rsquo;affaire Mimouni\"}]},{\"@type\":\"WebSite\",\"@id\":\"https:\\\/\\\/lepontdegeneve.ch\\\/#website\",\"url\":\"https:\\\/\\\/lepontdegeneve.ch\\\/\",\"name\":\"Le pont de Gen\u00e8ve\",\"description\":\"\",\"potentialAction\":[{\"@type\":\"SearchAction\",\"target\":{\"@type\":\"EntryPoint\",\"urlTemplate\":\"https:\\\/\\\/lepontdegeneve.ch\\\/?s={search_term_string}\"},\"query-input\":{\"@type\":\"PropertyValueSpecification\",\"valueRequired\":true,\"valueName\":\"search_term_string\"}}],\"inLanguage\":\"fr-FR\"},{\"@type\":\"Person\",\"@id\":\"https:\\\/\\\/lepontdegeneve.ch\\\/#\\\/schema\\\/person\\\/90128a12398fd99348a199e0c658139c\",\"name\":\"Le Pont de Gen\u00e8ve\",\"image\":{\"@type\":\"ImageObject\",\"inLanguage\":\"fr-FR\",\"@id\":\"https:\\\/\\\/secure.gravatar.com\\\/avatar\\\/b2cd4b671948e0b3a044cce52421e758f75459e8a1b9e0493b750162492e12c9?s=96&d=mm&r=g\",\"url\":\"https:\\\/\\\/secure.gravatar.com\\\/avatar\\\/b2cd4b671948e0b3a044cce52421e758f75459e8a1b9e0493b750162492e12c9?s=96&d=mm&r=g\",\"contentUrl\":\"https:\\\/\\\/secure.gravatar.com\\\/avatar\\\/b2cd4b671948e0b3a044cce52421e758f75459e8a1b9e0493b750162492e12c9?s=96&d=mm&r=g\",\"caption\":\"Le Pont de Gen\u00e8ve\"},\"sameAs\":[\"https:\\\/\\\/lepontdegeneve.ch\"],\"url\":\"https:\\\/\\\/lepontdegeneve.ch\\\/?author=1\"}]}<\/script>\n<!-- \/ Yoast SEO plugin. -->","yoast_head_json":{"title":"Tunisie : Liste des magistrats, avocats et experts vis\u00e9s par l'enqu\u00eate dans l'affaire Mimouni - Le pont de Gen\u00e8ve","description":"Une plate-forme en ligne a but de promouvoir les \u00e9changes culturels entre la Suisse et la Tunisie , renforcer la d\u00e9mocratie en Tunisie, et donne une information fiable s\u00fbre et cr\u00e9dible avec une collecte des infos qui concerne les deux cultures.Le pont de Gen\u00e8ve est diriger, encadrer et financer par l\u2019association le pont Gen\u00e8ve.","robots":{"index":"index","follow":"follow","max-snippet":"max-snippet:-1","max-image-preview":"max-image-preview:large","max-video-preview":"max-video-preview:-1"},"canonical":"https:\/\/lepontdegeneve.ch\/?p=29825","og_locale":"fr_FR","og_type":"article","og_title":"Tunisie : Liste des magistrats, avocats et experts vis\u00e9s par l'enqu\u00eate dans l'affaire Mimouni - Le pont de Gen\u00e8ve","og_description":"Une plate-forme en ligne a but de promouvoir les \u00e9changes culturels entre la Suisse et la Tunisie , renforcer la d\u00e9mocratie en Tunisie, et donne une information fiable s\u00fbre et cr\u00e9dible avec une collecte des infos qui concerne les deux cultures.Le pont de Gen\u00e8ve est diriger, encadrer et financer par l\u2019association le pont Gen\u00e8ve.","og_url":"https:\/\/lepontdegeneve.ch\/?p=29825","og_site_name":"Le pont de Gen\u00e8ve","article_published_time":"2024-10-25T08:00:00+00:00","article_modified_time":"2024-10-27T06:23:46+00:00","og_image":[{"width":1024,"height":687,"url":"https:\/\/lepontdegeneve.ch\/wp-content\/uploads\/2024\/10\/AP110212131913.jpg","type":"image\/jpeg"}],"author":"Le Pont de Gen\u00e8ve","twitter_card":"summary_large_image","twitter_misc":{"\u00c9crit par":"Le Pont de Gen\u00e8ve","Dur\u00e9e de lecture estim\u00e9e":"1 minute"},"schema":{"@context":"https:\/\/schema.org","@graph":[{"@type":"Article","@id":"https:\/\/lepontdegeneve.ch\/?p=29825#article","isPartOf":{"@id":"https:\/\/lepontdegeneve.ch\/?p=29825"},"author":{"name":"Le Pont de Gen\u00e8ve","@id":"https:\/\/lepontdegeneve.ch\/#\/schema\/person\/90128a12398fd99348a199e0c658139c"},"headline":"Tunisie : Liste des magistrats, avocats et experts vis\u00e9s par l&rsquo;enqu\u00eate dans l&rsquo;affaire Mimouni","datePublished":"2024-10-25T08:00:00+00:00","dateModified":"2024-10-27T06:23:46+00:00","mainEntityOfPage":{"@id":"https:\/\/lepontdegeneve.ch\/?p=29825"},"wordCount":321,"commentCount":0,"image":{"@id":"https:\/\/lepontdegeneve.ch\/?p=29825#primaryimage"},"thumbnailUrl":"https:\/\/lepontdegeneve.ch\/wp-content\/uploads\/2024\/10\/AP110212131913.jpg","keywords":["Avocats","Entertainment","Featured","Kais Said","Kais Saied","Laune","magistrats","Politics","Tayeb Rached","Trending Posts","Tunisie","Youssef Mimouni"],"articleSection":["Politique"],"inLanguage":"fr-FR","potentialAction":[{"@type":"CommentAction","name":"Comment","target":["https:\/\/lepontdegeneve.ch\/?p=29825#respond"]}]},{"@type":"WebPage","@id":"https:\/\/lepontdegeneve.ch\/?p=29825","url":"https:\/\/lepontdegeneve.ch\/?p=29825","name":"Tunisie : Liste des magistrats, avocats et experts vis\u00e9s par l'enqu\u00eate dans l'affaire Mimouni - Le pont de Gen\u00e8ve","isPartOf":{"@id":"https:\/\/lepontdegeneve.ch\/#website"},"primaryImageOfPage":{"@id":"https:\/\/lepontdegeneve.ch\/?p=29825#primaryimage"},"image":{"@id":"https:\/\/lepontdegeneve.ch\/?p=29825#primaryimage"},"thumbnailUrl":"https:\/\/lepontdegeneve.ch\/wp-content\/uploads\/2024\/10\/AP110212131913.jpg","datePublished":"2024-10-25T08:00:00+00:00","dateModified":"2024-10-27T06:23:46+00:00","author":{"@id":"https:\/\/lepontdegeneve.ch\/#\/schema\/person\/90128a12398fd99348a199e0c658139c"},"description":"Une plate-forme en ligne a but de promouvoir les \u00e9changes culturels entre la Suisse et la Tunisie , renforcer la d\u00e9mocratie en Tunisie, et donne une information fiable s\u00fbre et cr\u00e9dible avec une collecte des infos qui concerne les deux cultures.Le pont de Gen\u00e8ve est diriger, encadrer et financer par l\u2019association le pont Gen\u00e8ve.","breadcrumb":{"@id":"https:\/\/lepontdegeneve.ch\/?p=29825#breadcrumb"},"inLanguage":"fr-FR","potentialAction":[{"@type":"ReadAction","target":["https:\/\/lepontdegeneve.ch\/?p=29825"]}]},{"@type":"ImageObject","inLanguage":"fr-FR","@id":"https:\/\/lepontdegeneve.ch\/?p=29825#primaryimage","url":"https:\/\/lepontdegeneve.ch\/wp-content\/uploads\/2024\/10\/AP110212131913.jpg","contentUrl":"https:\/\/lepontdegeneve.ch\/wp-content\/uploads\/2024\/10\/AP110212131913.jpg","width":1024,"height":687,"caption":"Tunisian magistrates and lawyers demonstrate as they ask for independence of the Judiciary system in Tunis, Tunisia, Saturday Feb. 12, 2011. (AP Photo\/Hassene Dridi)"},{"@type":"BreadcrumbList","@id":"https:\/\/lepontdegeneve.ch\/?p=29825#breadcrumb","itemListElement":[{"@type":"ListItem","position":1,"name":"Accueil","item":"https:\/\/lepontdegeneve.ch\/"},{"@type":"ListItem","position":2,"name":"Tunisie : Liste des magistrats, avocats et experts vis\u00e9s par l&rsquo;enqu\u00eate dans l&rsquo;affaire Mimouni"}]},{"@type":"WebSite","@id":"https:\/\/lepontdegeneve.ch\/#website","url":"https:\/\/lepontdegeneve.ch\/","name":"Le pont de Gen\u00e8ve","description":"","potentialAction":[{"@type":"SearchAction","target":{"@type":"EntryPoint","urlTemplate":"https:\/\/lepontdegeneve.ch\/?s={search_term_string}"},"query-input":{"@type":"PropertyValueSpecification","valueRequired":true,"valueName":"search_term_string"}}],"inLanguage":"fr-FR"},{"@type":"Person","@id":"https:\/\/lepontdegeneve.ch\/#\/schema\/person\/90128a12398fd99348a199e0c658139c","name":"Le Pont de Gen\u00e8ve","image":{"@type":"ImageObject","inLanguage":"fr-FR","@id":"https:\/\/secure.gravatar.com\/avatar\/b2cd4b671948e0b3a044cce52421e758f75459e8a1b9e0493b750162492e12c9?s=96&d=mm&r=g","url":"https:\/\/secure.gravatar.com\/avatar\/b2cd4b671948e0b3a044cce52421e758f75459e8a1b9e0493b750162492e12c9?s=96&d=mm&r=g","contentUrl":"https:\/\/secure.gravatar.com\/avatar\/b2cd4b671948e0b3a044cce52421e758f75459e8a1b9e0493b750162492e12c9?s=96&d=mm&r=g","caption":"Le Pont de Gen\u00e8ve"},"sameAs":["https:\/\/lepontdegeneve.ch"],"url":"https:\/\/lepontdegeneve.ch\/?author=1"}]}},"amp_enabled":true,"_links":{"self":[{"href":"https:\/\/lepontdegeneve.ch\/index.php?rest_route=\/wp\/v2\/posts\/29825","targetHints":{"allow":["GET"]}}],"collection":[{"href":"https:\/\/lepontdegeneve.ch\/index.php?rest_route=\/wp\/v2\/posts"}],"about":[{"href":"https:\/\/lepontdegeneve.ch\/index.php?rest_route=\/wp\/v2\/types\/post"}],"author":[{"embeddable":true,"href":"https:\/\/lepontdegeneve.ch\/index.php?rest_route=\/wp\/v2\/users\/1"}],"replies":[{"embeddable":true,"href":"https:\/\/lepontdegeneve.ch\/index.php?rest_route=%2Fwp%2Fv2%2Fcomments&post=29825"}],"version-history":[{"count":2,"href":"https:\/\/lepontdegeneve.ch\/index.php?rest_route=\/wp\/v2\/posts\/29825\/revisions"}],"predecessor-version":[{"id":29829,"href":"https:\/\/lepontdegeneve.ch\/index.php?rest_route=\/wp\/v2\/posts\/29825\/revisions\/29829"}],"wp:featuredmedia":[{"embeddable":true,"href":"https:\/\/lepontdegeneve.ch\/index.php?rest_route=\/wp\/v2\/media\/29826"}],"wp:attachment":[{"href":"https:\/\/lepontdegeneve.ch\/index.php?rest_route=%2Fwp%2Fv2%2Fmedia&parent=29825"}],"wp:term":[{"taxonomy":"category","embeddable":true,"href":"https:\/\/lepontdegeneve.ch\/index.php?rest_route=%2Fwp%2Fv2%2Fcategories&post=29825"},{"taxonomy":"post_tag","embeddable":true,"href":"https:\/\/lepontdegeneve.ch\/index.php?rest_route=%2Fwp%2Fv2%2Ftags&post=29825"}],"curies":[{"name":"wp","href":"https:\/\/api.w.org\/{rel}","templated":true}]}}