{"id":30039,"date":"2025-03-22T12:55:45","date_gmt":"2025-03-22T11:55:45","guid":{"rendered":"https:\/\/lepontdegeneve.ch\/?p=30039"},"modified":"2025-03-22T13:03:06","modified_gmt":"2025-03-22T12:03:06","slug":"et-si-lafrique-de-louest-nourrissait-le-continent-et-le-monde","status":"publish","type":"post","link":"https:\/\/lepontdegeneve.ch\/?p=30039","title":{"rendered":"Et si l\u2019Afrique de l\u2019Ouest nourrissait le continent et le monde ?"},"content":{"rendered":"\n<p><\/p>\n\n\n\n<p class=\"has-medium-font-size\"><strong>Par Nizar Jlidi<\/strong>&#8211;<\/p>\n\n\n\n<p>Le continent africain est \u00e0 la crois\u00e9e des chemins. Chaque ann\u00e9e, malgr\u00e9 des terres fertiles \u00e0 perte de vue et des mains pr\u00eates \u00e0 cultiver, l\u2019Afrique importe pour des dizaines de milliards de dollars de denr\u00e9es alimentaires. Une contradiction douloureuse que George Arthur Forrest explore dans son ouvrage L\u2019Afrique peut nourrir le monde, publi\u00e9 le 20 mars 2025. Il y propose une vision ambitieuse : b\u00e2tir la souverainet\u00e9 alimentaire et \u00e9conomique du continent, en commen\u00e7ant par remettre l\u2019agriculture au c\u0153ur de nos priorit\u00e9s.<\/p>\n\n\n\n<figure class=\"wp-block-image size-large\"><img loading=\"lazy\" decoding=\"async\" width=\"1024\" height=\"462\" src=\"https:\/\/lepontdegeneve.ch\/wp-content\/uploads\/2025\/03\/George-Arthur-Forrest_JDD_3-1024x462.jpeg\" alt=\"\" class=\"wp-image-30047\" srcset=\"https:\/\/lepontdegeneve.ch\/wp-content\/uploads\/2025\/03\/George-Arthur-Forrest_JDD_3-1024x462.jpeg 1024w, https:\/\/lepontdegeneve.ch\/wp-content\/uploads\/2025\/03\/George-Arthur-Forrest_JDD_3-300x135.jpeg 300w, https:\/\/lepontdegeneve.ch\/wp-content\/uploads\/2025\/03\/George-Arthur-Forrest_JDD_3-768x346.jpeg 768w, https:\/\/lepontdegeneve.ch\/wp-content\/uploads\/2025\/03\/George-Arthur-Forrest_JDD_3-1536x692.jpeg 1536w, https:\/\/lepontdegeneve.ch\/wp-content\/uploads\/2025\/03\/George-Arthur-Forrest_JDD_3.jpeg 2032w\" sizes=\"auto, (max-width: 1024px) 100vw, 1024px\" \/><\/figure>\n\n\n\n<p class=\"has-medium-font-size\"><strong>Pr\u00e9fac\u00e9 par Macky Sall, un signal fort pour l\u2019Afrique de l\u2019Ouest<\/strong><\/p>\n\n\n\n<p>L\u2019ancien pr\u00e9sident s\u00e9n\u00e9galais Macky Sall, \u00e9galement ex-pr\u00e9sident de l\u2019Union africaine, signe la pr\u00e9face du livre. Un choix symbolique fort, tant l\u2019Afrique de l\u2019Ouest est concern\u00e9e par ces enjeux. Des rizi\u00e8res de la vall\u00e9e du fleuve S\u00e9n\u00e9gal aux plaines du Fouta ou du pays b\u00e9t\u00e9, les terres sont l\u00e0, les traditions agricoles aussi. Pourtant, nous importons massivement riz, bl\u00e9, huile, lait en poudre \u2014 des produits que nous pourrions produire nous-m\u00eames.<\/p>\n\n\n\n<p><strong>Une d\u00e9pendance co\u00fbteuse et dangereuse<\/strong><\/p>\n\n\n\n<p>George Arthur Forrest tire la sonnette d\u2019alarme : malgr\u00e9 65 % des terres arables non exploit\u00e9es de la plan\u00e8te, l\u2019Afrique importe chaque ann\u00e9e pour plus de 35 milliards de dollars de nourriture. En Afrique de l\u2019Ouest, cette d\u00e9pendance fragilise nos \u00e9conomies, accentue l\u2019inflation, et rend nos \u00c9tats vuln\u00e9rables aux chocs ext\u00e9rieurs. R\u00e9sultat : une ins\u00e9curit\u00e9 alimentaire persistante, aggrav\u00e9e par la croissance d\u00e9mographique et les effets du changement climatique.<\/p>\n\n\n\n<figure class=\"wp-block-image size-large\"><img loading=\"lazy\" decoding=\"async\" width=\"1024\" height=\"462\" src=\"https:\/\/lepontdegeneve.ch\/wp-content\/uploads\/2025\/03\/George-Arthur-Forrest_JDD_5-1024x462.jpeg\" alt=\"\" class=\"wp-image-30048\" srcset=\"https:\/\/lepontdegeneve.ch\/wp-content\/uploads\/2025\/03\/George-Arthur-Forrest_JDD_5-1024x462.jpeg 1024w, https:\/\/lepontdegeneve.ch\/wp-content\/uploads\/2025\/03\/George-Arthur-Forrest_JDD_5-300x135.jpeg 300w, https:\/\/lepontdegeneve.ch\/wp-content\/uploads\/2025\/03\/George-Arthur-Forrest_JDD_5-768x346.jpeg 768w, https:\/\/lepontdegeneve.ch\/wp-content\/uploads\/2025\/03\/George-Arthur-Forrest_JDD_5-1536x692.jpeg 1536w, https:\/\/lepontdegeneve.ch\/wp-content\/uploads\/2025\/03\/George-Arthur-Forrest_JDD_5.jpeg 2032w\" sizes=\"auto, (max-width: 1024px) 100vw, 1024px\" \/><\/figure>\n\n\n\n<p class=\"has-medium-font-size\"><strong>Les blocages bien connus du terrain<\/strong><\/p>\n\n\n\n<p>Dans un langage simple et direct, l\u2019auteur identifie les freins au d\u00e9veloppement agricole :<br>\u2022 Le d\u00e9r\u00e8glement climatique, qui modifie les saisons et met \u00e0 rude \u00e9preuve les agriculteurs.<br>\u2022 Le manque d\u2019infrastructures : routes impraticables, greniers v\u00e9tustes, syst\u00e8mes d\u2019irrigation insuffisants.<br>\u2022 L\u2019absence de soutien aux jeunes agriculteurs, souvent sans formation ni acc\u00e8s au cr\u00e9dit.<br>\u2022 L\u2019instabilit\u00e9 dans certaines zones rurales, qui d\u00e9courage les investissements et perturbe la production.<\/p>\n\n\n\n<p class=\"has-medium-font-size\"><strong>GoCongo : un exemple \u00e0 suivre ?<\/strong><\/p>\n\n\n\n<p>Dans son livre, George Arthur Forrest met en lumi\u00e8re GoCongo, un projet agricole ambitieux lanc\u00e9 en R\u00e9publique d\u00e9mocratique du Congo. Son objectif : nourrir localement jusqu\u2019\u00e0 100 millions de personnes, tout en pr\u00e9servant les for\u00eats et les sols. Ce mod\u00e8le, ax\u00e9 sur la production locale, la transformation sur place et la distribution nationale, montre que des solutions existent.<\/p>\n\n\n\n<p>Pourquoi ne pas imaginer un GoS\u00e9n\u00e9gal, GoBurkina ou GoGuin\u00e9e ? Les potentiels sont l\u00e0, les comp\u00e9tences aussi. Ce qu\u2019il manque encore trop souvent : la coordination, les financements, et une volont\u00e9 politique claire.<\/p>\n\n\n\n<p class=\"has-medium-font-size\"><strong>L\u2019agriculture, une question de souverainet\u00e9<\/strong><\/p>\n\n\n\n<p>Pour George Arthur Forrest, l\u2019ind\u00e9pendance alimentaire est la base de toute souverainet\u00e9. Tant que nous d\u00e9pendrons des cargaisons de bl\u00e9 venues d\u2019Ukraine ou de riz d\u2019Asie, nos \u00e9conomies resteront fragiles. Il appelle donc \u00e0 une coop\u00e9ration r\u00e9gionale plus forte : partager les savoirs, mutualiser les moyens, renforcer les politiques agricoles communes de la CEDEAO.<\/p>\n\n\n\n<figure class=\"wp-block-image size-large\"><img loading=\"lazy\" decoding=\"async\" width=\"1024\" height=\"462\" src=\"https:\/\/lepontdegeneve.ch\/wp-content\/uploads\/2025\/03\/George-Arthur-Forrest_JDD_6-1024x462.jpeg\" alt=\"\" class=\"wp-image-30049\" srcset=\"https:\/\/lepontdegeneve.ch\/wp-content\/uploads\/2025\/03\/George-Arthur-Forrest_JDD_6-1024x462.jpeg 1024w, https:\/\/lepontdegeneve.ch\/wp-content\/uploads\/2025\/03\/George-Arthur-Forrest_JDD_6-300x135.jpeg 300w, https:\/\/lepontdegeneve.ch\/wp-content\/uploads\/2025\/03\/George-Arthur-Forrest_JDD_6-768x346.jpeg 768w, https:\/\/lepontdegeneve.ch\/wp-content\/uploads\/2025\/03\/George-Arthur-Forrest_JDD_6-1536x692.jpeg 1536w, https:\/\/lepontdegeneve.ch\/wp-content\/uploads\/2025\/03\/George-Arthur-Forrest_JDD_6.jpeg 2032w\" sizes=\"auto, (max-width: 1024px) 100vw, 1024px\" \/><\/figure>\n\n\n\n<p>Deux priorit\u00e9s \u00e9mergent :<br>\u2022 L\u2019acc\u00e8s \u00e0 l\u2019eau, avec des syst\u00e8mes d\u2019irrigation adapt\u00e9s \u00e0 chaque r\u00e9gion (barrages, forages, retenues).<br>\u2022 L\u2019\u00e9nergie en zone rurale, pour transformer les produits, mieux les conserver et r\u00e9duire les pertes post-r\u00e9colte.<\/p>\n\n\n\n<p><strong>Un manifeste pour un r\u00e9veil collectif<\/strong><\/p>\n\n\n\n<p>L\u2019Afrique peut nourrir le monde est bien plus qu\u2019un constat. C\u2019est un appel aux dirigeants, aux agriculteurs, aux jeunes, aux femmes rurales, aux d\u00e9cideurs locaux. C\u2019est une feuille de route r\u00e9aliste et mobilisatrice pour replacer l\u2019agriculture au c\u0153ur de notre avenir.<\/p>\n\n\n\n<p>Et si, en Afrique de l\u2019Ouest, on osait enfin croire que notre manioc, notre fonio, notre mil et notre ma\u00efs pouvaient devenir les piliers de notre ind\u00e9pendance ?<\/p>\n\n\n\n<figure class=\"wp-block-image size-large\"><img loading=\"lazy\" decoding=\"async\" width=\"1024\" height=\"462\" src=\"https:\/\/lepontdegeneve.ch\/wp-content\/uploads\/2025\/03\/George-Arthur-Forrest_JDD_2-1024x462.jpeg\" alt=\"\" class=\"wp-image-30046\" srcset=\"https:\/\/lepontdegeneve.ch\/wp-content\/uploads\/2025\/03\/George-Arthur-Forrest_JDD_2-1024x462.jpeg 1024w, https:\/\/lepontdegeneve.ch\/wp-content\/uploads\/2025\/03\/George-Arthur-Forrest_JDD_2-300x135.jpeg 300w, https:\/\/lepontdegeneve.ch\/wp-content\/uploads\/2025\/03\/George-Arthur-Forrest_JDD_2-768x346.jpeg 768w, https:\/\/lepontdegeneve.ch\/wp-content\/uploads\/2025\/03\/George-Arthur-Forrest_JDD_2-1536x692.jpeg 1536w, https:\/\/lepontdegeneve.ch\/wp-content\/uploads\/2025\/03\/George-Arthur-Forrest_JDD_2.jpeg 2032w\" sizes=\"auto, (max-width: 1024px) 100vw, 1024px\" \/><\/figure>\n","protected":false},"excerpt":{"rendered":"<p>Par Nizar Jlidi&#8211; Le continent africain est \u00e0 la crois\u00e9e des chemins. Chaque ann\u00e9e, malgr\u00e9 des terres fertiles \u00e0 perte de vue et des mains pr\u00eates \u00e0 cultiver, l\u2019Afrique importe pour des dizaines de milliards de dollars de denr\u00e9es alimentaires. Une contradiction douloureuse que George Arthur Forrest explore dans son ouvrage L\u2019Afrique peut nourrir le [&hellip;]<\/p>\n","protected":false},"author":1,"featured_media":30045,"comment_status":"open","ping_status":"open","sticky":false,"template":"","format":"standard","meta":{"om_disable_all_campaigns":false,"footnotes":""},"categories":[451,9],"tags":[239,714,59,713,711,701,712,244,709,710,189],"class_list":["post-30039","post","type-post","status-publish","format-standard","has-post-thumbnail","hentry","category-culture","category-politique","tag-afrique","tag-cedeao","tag-entertainment","tag-forrest","tag-fouta","tag-george-arthur-forrest","tag-gocongo","tag-laune","tag-macky-sall","tag-senegal","tag-trending-posts"],"yoast_head":"<!-- This site is optimized with the Yoast SEO plugin v27.5 - https:\/\/yoast.com\/product\/yoast-seo-wordpress\/ -->\n<title>Et si l\u2019Afrique de l\u2019Ouest nourrissait le continent et le monde ? - Le pont de Gen\u00e8ve<\/title>\n<meta name=\"description\" content=\"Une plate-forme en ligne a but de promouvoir les \u00e9changes culturels entre la Suisse et la Tunisie , renforcer la d\u00e9mocratie en Tunisie, et donne une information fiable s\u00fbre et cr\u00e9dible avec une collecte des infos qui concerne les deux cultures.Le pont de Gen\u00e8ve est diriger, encadrer et financer par l\u2019association le pont Gen\u00e8ve.\" \/>\n<meta name=\"robots\" content=\"index, follow, max-snippet:-1, max-image-preview:large, max-video-preview:-1\" \/>\n<link rel=\"canonical\" href=\"https:\/\/lepontdegeneve.ch\/?p=30039\" \/>\n<meta property=\"og:locale\" content=\"fr_FR\" \/>\n<meta property=\"og:type\" content=\"article\" \/>\n<meta property=\"og:title\" content=\"Et si l\u2019Afrique de l\u2019Ouest nourrissait le continent et le monde ? - Le pont de Gen\u00e8ve\" \/>\n<meta property=\"og:description\" content=\"Une plate-forme en ligne a but de promouvoir les \u00e9changes culturels entre la Suisse et la Tunisie , renforcer la d\u00e9mocratie en Tunisie, et donne une information fiable s\u00fbre et cr\u00e9dible avec une collecte des infos qui concerne les deux cultures.Le pont de Gen\u00e8ve est diriger, encadrer et financer par l\u2019association le pont Gen\u00e8ve.\" \/>\n<meta property=\"og:url\" content=\"https:\/\/lepontdegeneve.ch\/?p=30039\" \/>\n<meta property=\"og:site_name\" content=\"Le pont de Gen\u00e8ve\" \/>\n<meta property=\"article:published_time\" content=\"2025-03-22T11:55:45+00:00\" \/>\n<meta property=\"article:modified_time\" content=\"2025-03-22T12:03:06+00:00\" \/>\n<meta property=\"og:image\" content=\"https:\/\/lepontdegeneve.ch\/wp-content\/uploads\/2025\/03\/George-Arthur-Forrest_JDD_1.jpeg\" \/>\n\t<meta property=\"og:image:width\" content=\"2032\" \/>\n\t<meta property=\"og:image:height\" content=\"916\" \/>\n\t<meta property=\"og:image:type\" content=\"image\/jpeg\" \/>\n<meta name=\"author\" content=\"Le Pont de Gen\u00e8ve\" \/>\n<meta name=\"twitter:card\" content=\"summary_large_image\" \/>\n<meta name=\"twitter:label1\" content=\"\u00c9crit par\" \/>\n\t<meta name=\"twitter:data1\" content=\"Le Pont de Gen\u00e8ve\" \/>\n\t<meta name=\"twitter:label2\" content=\"Dur\u00e9e de lecture estim\u00e9e\" \/>\n\t<meta name=\"twitter:data2\" content=\"3 minutes\" \/>\n<script type=\"application\/ld+json\" class=\"yoast-schema-graph\">{\"@context\":\"https:\\\/\\\/schema.org\",\"@graph\":[{\"@type\":\"Article\",\"@id\":\"https:\\\/\\\/lepontdegeneve.ch\\\/?p=30039#article\",\"isPartOf\":{\"@id\":\"https:\\\/\\\/lepontdegeneve.ch\\\/?p=30039\"},\"author\":{\"name\":\"Le Pont de Gen\u00e8ve\",\"@id\":\"https:\\\/\\\/lepontdegeneve.ch\\\/#\\\/schema\\\/person\\\/90128a12398fd99348a199e0c658139c\"},\"headline\":\"Et si l\u2019Afrique de l\u2019Ouest nourrissait le continent et le monde ?\",\"datePublished\":\"2025-03-22T11:55:45+00:00\",\"dateModified\":\"2025-03-22T12:03:06+00:00\",\"mainEntityOfPage\":{\"@id\":\"https:\\\/\\\/lepontdegeneve.ch\\\/?p=30039\"},\"wordCount\":663,\"commentCount\":0,\"image\":{\"@id\":\"https:\\\/\\\/lepontdegeneve.ch\\\/?p=30039#primaryimage\"},\"thumbnailUrl\":\"https:\\\/\\\/lepontdegeneve.ch\\\/wp-content\\\/uploads\\\/2025\\\/03\\\/George-Arthur-Forrest_JDD_1.jpeg\",\"keywords\":[\"Afrique\",\"CEDEAO\",\"Entertainment\",\"Forrest\",\"Fouta\",\"George Arthur Forrest\",\"GoCongo\",\"Laune\",\"Macky Sall\",\"S\u00e9n\u00e9gal\",\"Trending Posts\"],\"articleSection\":[\"Culture\",\"Politique\"],\"inLanguage\":\"fr-FR\",\"potentialAction\":[{\"@type\":\"CommentAction\",\"name\":\"Comment\",\"target\":[\"https:\\\/\\\/lepontdegeneve.ch\\\/?p=30039#respond\"]}]},{\"@type\":\"WebPage\",\"@id\":\"https:\\\/\\\/lepontdegeneve.ch\\\/?p=30039\",\"url\":\"https:\\\/\\\/lepontdegeneve.ch\\\/?p=30039\",\"name\":\"Et si l\u2019Afrique de l\u2019Ouest nourrissait le continent et le monde ? - Le pont de Gen\u00e8ve\",\"isPartOf\":{\"@id\":\"https:\\\/\\\/lepontdegeneve.ch\\\/#website\"},\"primaryImageOfPage\":{\"@id\":\"https:\\\/\\\/lepontdegeneve.ch\\\/?p=30039#primaryimage\"},\"image\":{\"@id\":\"https:\\\/\\\/lepontdegeneve.ch\\\/?p=30039#primaryimage\"},\"thumbnailUrl\":\"https:\\\/\\\/lepontdegeneve.ch\\\/wp-content\\\/uploads\\\/2025\\\/03\\\/George-Arthur-Forrest_JDD_1.jpeg\",\"datePublished\":\"2025-03-22T11:55:45+00:00\",\"dateModified\":\"2025-03-22T12:03:06+00:00\",\"author\":{\"@id\":\"https:\\\/\\\/lepontdegeneve.ch\\\/#\\\/schema\\\/person\\\/90128a12398fd99348a199e0c658139c\"},\"description\":\"Une plate-forme en ligne a but de promouvoir les \u00e9changes culturels entre la Suisse et la Tunisie , renforcer la d\u00e9mocratie en Tunisie, et donne une information fiable s\u00fbre et cr\u00e9dible avec une collecte des infos qui concerne les deux cultures.Le pont de Gen\u00e8ve est diriger, encadrer et financer par l\u2019association le pont Gen\u00e8ve.\",\"breadcrumb\":{\"@id\":\"https:\\\/\\\/lepontdegeneve.ch\\\/?p=30039#breadcrumb\"},\"inLanguage\":\"fr-FR\",\"potentialAction\":[{\"@type\":\"ReadAction\",\"target\":[\"https:\\\/\\\/lepontdegeneve.ch\\\/?p=30039\"]}]},{\"@type\":\"ImageObject\",\"inLanguage\":\"fr-FR\",\"@id\":\"https:\\\/\\\/lepontdegeneve.ch\\\/?p=30039#primaryimage\",\"url\":\"https:\\\/\\\/lepontdegeneve.ch\\\/wp-content\\\/uploads\\\/2025\\\/03\\\/George-Arthur-Forrest_JDD_1.jpeg\",\"contentUrl\":\"https:\\\/\\\/lepontdegeneve.ch\\\/wp-content\\\/uploads\\\/2025\\\/03\\\/George-Arthur-Forrest_JDD_1.jpeg\",\"width\":2032,\"height\":916},{\"@type\":\"BreadcrumbList\",\"@id\":\"https:\\\/\\\/lepontdegeneve.ch\\\/?p=30039#breadcrumb\",\"itemListElement\":[{\"@type\":\"ListItem\",\"position\":1,\"name\":\"Accueil\",\"item\":\"https:\\\/\\\/lepontdegeneve.ch\\\/\"},{\"@type\":\"ListItem\",\"position\":2,\"name\":\"Et si l\u2019Afrique de l\u2019Ouest nourrissait le continent et le monde ?\"}]},{\"@type\":\"WebSite\",\"@id\":\"https:\\\/\\\/lepontdegeneve.ch\\\/#website\",\"url\":\"https:\\\/\\\/lepontdegeneve.ch\\\/\",\"name\":\"Le pont de Gen\u00e8ve\",\"description\":\"\",\"potentialAction\":[{\"@type\":\"SearchAction\",\"target\":{\"@type\":\"EntryPoint\",\"urlTemplate\":\"https:\\\/\\\/lepontdegeneve.ch\\\/?s={search_term_string}\"},\"query-input\":{\"@type\":\"PropertyValueSpecification\",\"valueRequired\":true,\"valueName\":\"search_term_string\"}}],\"inLanguage\":\"fr-FR\"},{\"@type\":\"Person\",\"@id\":\"https:\\\/\\\/lepontdegeneve.ch\\\/#\\\/schema\\\/person\\\/90128a12398fd99348a199e0c658139c\",\"name\":\"Le Pont de Gen\u00e8ve\",\"image\":{\"@type\":\"ImageObject\",\"inLanguage\":\"fr-FR\",\"@id\":\"https:\\\/\\\/secure.gravatar.com\\\/avatar\\\/b2cd4b671948e0b3a044cce52421e758f75459e8a1b9e0493b750162492e12c9?s=96&d=mm&r=g\",\"url\":\"https:\\\/\\\/secure.gravatar.com\\\/avatar\\\/b2cd4b671948e0b3a044cce52421e758f75459e8a1b9e0493b750162492e12c9?s=96&d=mm&r=g\",\"contentUrl\":\"https:\\\/\\\/secure.gravatar.com\\\/avatar\\\/b2cd4b671948e0b3a044cce52421e758f75459e8a1b9e0493b750162492e12c9?s=96&d=mm&r=g\",\"caption\":\"Le Pont de Gen\u00e8ve\"},\"sameAs\":[\"https:\\\/\\\/lepontdegeneve.ch\"],\"url\":\"https:\\\/\\\/lepontdegeneve.ch\\\/?author=1\"}]}<\/script>\n<!-- \/ Yoast SEO plugin. -->","yoast_head_json":{"title":"Et si l\u2019Afrique de l\u2019Ouest nourrissait le continent et le monde ? - Le pont de Gen\u00e8ve","description":"Une plate-forme en ligne a but de promouvoir les \u00e9changes culturels entre la Suisse et la Tunisie , renforcer la d\u00e9mocratie en Tunisie, et donne une information fiable s\u00fbre et cr\u00e9dible avec une collecte des infos qui concerne les deux cultures.Le pont de Gen\u00e8ve est diriger, encadrer et financer par l\u2019association le pont Gen\u00e8ve.","robots":{"index":"index","follow":"follow","max-snippet":"max-snippet:-1","max-image-preview":"max-image-preview:large","max-video-preview":"max-video-preview:-1"},"canonical":"https:\/\/lepontdegeneve.ch\/?p=30039","og_locale":"fr_FR","og_type":"article","og_title":"Et si l\u2019Afrique de l\u2019Ouest nourrissait le continent et le monde ? - Le pont de Gen\u00e8ve","og_description":"Une plate-forme en ligne a but de promouvoir les \u00e9changes culturels entre la Suisse et la Tunisie , renforcer la d\u00e9mocratie en Tunisie, et donne une information fiable s\u00fbre et cr\u00e9dible avec une collecte des infos qui concerne les deux cultures.Le pont de Gen\u00e8ve est diriger, encadrer et financer par l\u2019association le pont Gen\u00e8ve.","og_url":"https:\/\/lepontdegeneve.ch\/?p=30039","og_site_name":"Le pont de Gen\u00e8ve","article_published_time":"2025-03-22T11:55:45+00:00","article_modified_time":"2025-03-22T12:03:06+00:00","og_image":[{"width":2032,"height":916,"url":"https:\/\/lepontdegeneve.ch\/wp-content\/uploads\/2025\/03\/George-Arthur-Forrest_JDD_1.jpeg","type":"image\/jpeg"}],"author":"Le Pont de Gen\u00e8ve","twitter_card":"summary_large_image","twitter_misc":{"\u00c9crit par":"Le Pont de Gen\u00e8ve","Dur\u00e9e de lecture estim\u00e9e":"3 minutes"},"schema":{"@context":"https:\/\/schema.org","@graph":[{"@type":"Article","@id":"https:\/\/lepontdegeneve.ch\/?p=30039#article","isPartOf":{"@id":"https:\/\/lepontdegeneve.ch\/?p=30039"},"author":{"name":"Le Pont de Gen\u00e8ve","@id":"https:\/\/lepontdegeneve.ch\/#\/schema\/person\/90128a12398fd99348a199e0c658139c"},"headline":"Et si l\u2019Afrique de l\u2019Ouest nourrissait le continent et le monde ?","datePublished":"2025-03-22T11:55:45+00:00","dateModified":"2025-03-22T12:03:06+00:00","mainEntityOfPage":{"@id":"https:\/\/lepontdegeneve.ch\/?p=30039"},"wordCount":663,"commentCount":0,"image":{"@id":"https:\/\/lepontdegeneve.ch\/?p=30039#primaryimage"},"thumbnailUrl":"https:\/\/lepontdegeneve.ch\/wp-content\/uploads\/2025\/03\/George-Arthur-Forrest_JDD_1.jpeg","keywords":["Afrique","CEDEAO","Entertainment","Forrest","Fouta","George Arthur Forrest","GoCongo","Laune","Macky Sall","S\u00e9n\u00e9gal","Trending Posts"],"articleSection":["Culture","Politique"],"inLanguage":"fr-FR","potentialAction":[{"@type":"CommentAction","name":"Comment","target":["https:\/\/lepontdegeneve.ch\/?p=30039#respond"]}]},{"@type":"WebPage","@id":"https:\/\/lepontdegeneve.ch\/?p=30039","url":"https:\/\/lepontdegeneve.ch\/?p=30039","name":"Et si l\u2019Afrique de l\u2019Ouest nourrissait le continent et le monde ? - Le pont de Gen\u00e8ve","isPartOf":{"@id":"https:\/\/lepontdegeneve.ch\/#website"},"primaryImageOfPage":{"@id":"https:\/\/lepontdegeneve.ch\/?p=30039#primaryimage"},"image":{"@id":"https:\/\/lepontdegeneve.ch\/?p=30039#primaryimage"},"thumbnailUrl":"https:\/\/lepontdegeneve.ch\/wp-content\/uploads\/2025\/03\/George-Arthur-Forrest_JDD_1.jpeg","datePublished":"2025-03-22T11:55:45+00:00","dateModified":"2025-03-22T12:03:06+00:00","author":{"@id":"https:\/\/lepontdegeneve.ch\/#\/schema\/person\/90128a12398fd99348a199e0c658139c"},"description":"Une plate-forme en ligne a but de promouvoir les \u00e9changes culturels entre la Suisse et la Tunisie , renforcer la d\u00e9mocratie en Tunisie, et donne une information fiable s\u00fbre et cr\u00e9dible avec une collecte des infos qui concerne les deux cultures.Le pont de Gen\u00e8ve est diriger, encadrer et financer par l\u2019association le pont Gen\u00e8ve.","breadcrumb":{"@id":"https:\/\/lepontdegeneve.ch\/?p=30039#breadcrumb"},"inLanguage":"fr-FR","potentialAction":[{"@type":"ReadAction","target":["https:\/\/lepontdegeneve.ch\/?p=30039"]}]},{"@type":"ImageObject","inLanguage":"fr-FR","@id":"https:\/\/lepontdegeneve.ch\/?p=30039#primaryimage","url":"https:\/\/lepontdegeneve.ch\/wp-content\/uploads\/2025\/03\/George-Arthur-Forrest_JDD_1.jpeg","contentUrl":"https:\/\/lepontdegeneve.ch\/wp-content\/uploads\/2025\/03\/George-Arthur-Forrest_JDD_1.jpeg","width":2032,"height":916},{"@type":"BreadcrumbList","@id":"https:\/\/lepontdegeneve.ch\/?p=30039#breadcrumb","itemListElement":[{"@type":"ListItem","position":1,"name":"Accueil","item":"https:\/\/lepontdegeneve.ch\/"},{"@type":"ListItem","position":2,"name":"Et si l\u2019Afrique de l\u2019Ouest nourrissait le continent et le monde ?"}]},{"@type":"WebSite","@id":"https:\/\/lepontdegeneve.ch\/#website","url":"https:\/\/lepontdegeneve.ch\/","name":"Le pont de Gen\u00e8ve","description":"","potentialAction":[{"@type":"SearchAction","target":{"@type":"EntryPoint","urlTemplate":"https:\/\/lepontdegeneve.ch\/?s={search_term_string}"},"query-input":{"@type":"PropertyValueSpecification","valueRequired":true,"valueName":"search_term_string"}}],"inLanguage":"fr-FR"},{"@type":"Person","@id":"https:\/\/lepontdegeneve.ch\/#\/schema\/person\/90128a12398fd99348a199e0c658139c","name":"Le Pont de Gen\u00e8ve","image":{"@type":"ImageObject","inLanguage":"fr-FR","@id":"https:\/\/secure.gravatar.com\/avatar\/b2cd4b671948e0b3a044cce52421e758f75459e8a1b9e0493b750162492e12c9?s=96&d=mm&r=g","url":"https:\/\/secure.gravatar.com\/avatar\/b2cd4b671948e0b3a044cce52421e758f75459e8a1b9e0493b750162492e12c9?s=96&d=mm&r=g","contentUrl":"https:\/\/secure.gravatar.com\/avatar\/b2cd4b671948e0b3a044cce52421e758f75459e8a1b9e0493b750162492e12c9?s=96&d=mm&r=g","caption":"Le Pont de Gen\u00e8ve"},"sameAs":["https:\/\/lepontdegeneve.ch"],"url":"https:\/\/lepontdegeneve.ch\/?author=1"}]}},"amp_enabled":true,"_links":{"self":[{"href":"https:\/\/lepontdegeneve.ch\/index.php?rest_route=\/wp\/v2\/posts\/30039","targetHints":{"allow":["GET"]}}],"collection":[{"href":"https:\/\/lepontdegeneve.ch\/index.php?rest_route=\/wp\/v2\/posts"}],"about":[{"href":"https:\/\/lepontdegeneve.ch\/index.php?rest_route=\/wp\/v2\/types\/post"}],"author":[{"embeddable":true,"href":"https:\/\/lepontdegeneve.ch\/index.php?rest_route=\/wp\/v2\/users\/1"}],"replies":[{"embeddable":true,"href":"https:\/\/lepontdegeneve.ch\/index.php?rest_route=%2Fwp%2Fv2%2Fcomments&post=30039"}],"version-history":[{"count":2,"href":"https:\/\/lepontdegeneve.ch\/index.php?rest_route=\/wp\/v2\/posts\/30039\/revisions"}],"predecessor-version":[{"id":30050,"href":"https:\/\/lepontdegeneve.ch\/index.php?rest_route=\/wp\/v2\/posts\/30039\/revisions\/30050"}],"wp:featuredmedia":[{"embeddable":true,"href":"https:\/\/lepontdegeneve.ch\/index.php?rest_route=\/wp\/v2\/media\/30045"}],"wp:attachment":[{"href":"https:\/\/lepontdegeneve.ch\/index.php?rest_route=%2Fwp%2Fv2%2Fmedia&parent=30039"}],"wp:term":[{"taxonomy":"category","embeddable":true,"href":"https:\/\/lepontdegeneve.ch\/index.php?rest_route=%2Fwp%2Fv2%2Fcategories&post=30039"},{"taxonomy":"post_tag","embeddable":true,"href":"https:\/\/lepontdegeneve.ch\/index.php?rest_route=%2Fwp%2Fv2%2Ftags&post=30039"}],"curies":[{"name":"wp","href":"https:\/\/api.w.org\/{rel}","templated":true}]}}