{"id":30451,"date":"2025-08-10T14:56:56","date_gmt":"2025-08-10T12:56:56","guid":{"rendered":"https:\/\/lepontdegeneve.ch\/?p=30451"},"modified":"2025-08-10T14:56:57","modified_gmt":"2025-08-10T12:56:57","slug":"les-manifestations-devant-le-siege-de-lugtt-une-offensive-politique-calculee","status":"publish","type":"post","link":"https:\/\/lepontdegeneve.ch\/?p=30451","title":{"rendered":"Les manifestations devant le si\u00e8ge de l&rsquo;UGTT : Une offensive politique calcul\u00e9e"},"content":{"rendered":"\n<p>La mobilisation protestataire devant le si\u00e8ge de l\u2019Union G\u00e9n\u00e9rale Tunisienne du Travail (UGTT) ce jeudi 7 ao\u00fbt 2025 ne rel\u00e8ve&nbsp;<strong>ni du spontan\u00e9 ni d\u2019une dynamique contestataire li\u00e9e \u00e0 la crise interne<\/strong>&nbsp;que traverse l\u2019organisation syndicale. Il s\u2019agit d\u2019<strong>une man\u0153uvre politique orchestr\u00e9e<\/strong>, pr\u00e9par\u00e9e ouvertement durant plusieurs jours via des appels publics. Si certains l\u2019attribuent \u00e0 des cercles proches du pouvoir, d\u2019autres l\u2019imputent \u00e0 l\u2019opposition syndicale.<\/p>\n\n\n\n<p class=\"has-vivid-red-color has-text-color has-link-color wp-elements-085d663968a6ee3877ae617dd833516c\"><strong>Par Nizar Jlidi<\/strong><\/p>\n\n\n\n<p>Pourtant, les \u00e9v\u00e9nements du 7 ao\u00fbt&nbsp;<strong>n\u2019ont aucun lien<\/strong>&nbsp;avec les revendications port\u00e9es par les courants dissidents au sein de l\u2019UGTT. Les slogans scand\u00e9s \u2013 appelant \u00e0 la \u00ab dissolution \u00bb ou au \u00ab gel \u00bb du syndicat, qualifiant ses dirigeants des pires insultes et accusations \u2013 d\u00e9passent largement le cadre des critiques internes.<\/p>\n\n\n\n<h4 class=\"wp-block-heading\"><strong>Le principe de reddition des comptes : Une ligne rouge<\/strong><\/h4>\n\n\n\n<p>Un principe cardinal d\u00e9finit d\u00e9sormais la gouvernance en Tunisie :&nbsp;<strong>\u00ab\u00a0Nul n\u2019est au-dessus de la loi\u00a0\u00bb<\/strong>. Cette r\u00e9alit\u00e9 s\u2019applique d\u00e9j\u00e0 \u00e0 de nombreux responsables syndicaux (locaux et centraux), comme en attestent des proc\u00e9dures judiciaires en cours. La question centrale est :<\/p>\n\n\n\n<blockquote class=\"wp-block-quote is-layout-flow wp-block-quote-is-layout-flow\">\n<p class=\"has-vivid-red-color has-text-color has-link-color wp-elements-9ea5f6c587bbb6404a025278236e37d6\"><em>Le pouvoir actuel, qui fonde sa l\u00e9gitimit\u00e9 sur l\u2019obligation de reddition des comptes, renoncera-t-il \u00e0 ce principe par crainte d\u2019un affrontement avec l\u2019UGTT ?<\/em><\/p>\n<\/blockquote>\n\n\n\n<p>La r\u00e9ponse est sans \u00e9quivoque :&nbsp;<strong>Non<\/strong>. Le \u00ab\u00a0parcours\u00a0\u00bb engag\u00e9 (\u0627\u0644\u0645\u0633\u0627\u0631) ne s\u2019arr\u00eatera pas devant le poids historique du syndicat. Tous \u2013 partis, organisations, institutions \u2013 y sont soumis. Le discours du pr\u00e9sident Ka\u00efs Sa\u00efed lors de sa r\u00e9cente rencontre avec la Cheffe du gouvernement visait clairement l\u2019UGTT.<\/p>\n\n\n\n<h4 class=\"wp-block-heading\"><strong>Strat\u00e9gies contrast\u00e9es : L\u2019apaisement syndical face \u00e0 l\u2019escalade<\/strong><\/h4>\n\n\n\n<p>Des sources proches de la rencontre entre&nbsp;<strong>Noureddine Taboubi<\/strong>&nbsp;(secr\u00e9taire g\u00e9n\u00e9ral de l\u2019UGTT) et&nbsp;<strong>Zied Dabbar<\/strong>&nbsp;(pr\u00e9sident du SNJT, syndicat des journalistes) indiquent que :<\/p>\n\n\n\n<ul class=\"wp-block-list\">\n<li>L\u2019UGTT, tout en convoquant une assembl\u00e9e administrative d\u2019urgence,\u00a0<strong>ne cherche pas l\u2019escalade<\/strong>.<\/li>\n\n\n\n<li>La preuve en est le report de la gr\u00e8ve pr\u00e9vue dans l\u2019a\u00e9rien, geste d\u2019apaisement.<\/li>\n<\/ul>\n\n\n\n<p>Pendant ce temps, les appels \u00e0 \u00ab\u00a0geler\u00a0\u00bb ou \u00ab\u00a0dissoudre\u00a0\u00bb l\u2019UGTT continuent d\u2019enfler dans l\u2019espace num\u00e9rique.<\/p>\n\n\n\n<blockquote class=\"wp-block-quote is-layout-flow wp-block-quote-is-layout-flow\">\n<p class=\"has-vivid-red-color has-text-color has-link-color wp-elements-ab416a335a40749a2315bee85af67720\">\u00ab\u00a0<strong>Mettre \u00e0 bas l\u2019UGTT \u00e9quivaudrait \u00e0 d\u00e9truire la cl\u00e9 de vo\u00fbte de la paix sociale<\/strong>, surtout quand ses dirigeants tendent la main pour un dialogue national responsable.\u00a0\u00bb<\/p>\n<\/blockquote>\n\n\n\n<h4 class=\"wp-block-heading\"><strong>Un avertissement : La dangereuse m\u00e9connaissance de l\u2019histoire<\/strong><\/h4>\n\n\n\n<p>L\u2019affrontement avec l\u2019UGTT ne saurait \u00eatre men\u00e9 par des \u00ab\u00a0porte-voix hyst\u00e9riques\u00a0\u00bb ignorants de l\u2019histoire syndicale. Rappelons :<\/p>\n\n\n\n<ul class=\"wp-block-list\">\n<li>L\u2019UGTT est un\u00a0<strong>partenaire de gouvernance depuis l\u2019Ind\u00e9pendance<\/strong>.<\/li>\n\n\n\n<li>Son r\u00f4le cl\u00e9 dans le Dialogue National (2013) lui valut le\u00a0<strong>Prix Nobel de la Paix<\/strong>.<\/li>\n\n\n\n<li>Il a\u00a0<strong>soutenu le Pr\u00e9sident Sa\u00efed au moment du 25 Juillet 2021<\/strong>.<\/li>\n<\/ul>\n\n\n\n<h4 class=\"wp-block-heading\"><strong>Crise interne et r\u00e9silience<\/strong><\/h4>\n\n\n\n<p>Certes, l\u2019UGTT paie le prix de la&nbsp;<strong>modification controvers\u00e9e de l\u2019article 20<\/strong>&nbsp;de ses statuts (limitant les mandats). Mais la solution passe par ses instances internes : un congr\u00e8s extraordinaire est pr\u00e9vu.<br>S\u2019il a perdu une partie de sa base et de son influence \u00e0 cause d\u2019erreurs (voire de cas de corruption pr\u00e9sum\u00e9s, en cours de jugement),&nbsp;<strong>rien ne justifie les appels \u00e0 sa dissolution<\/strong>. Quelques centaines de manifestants devant le si\u00e8ge historique ne repr\u00e9sentent pas la l\u00e9gitimit\u00e9 du syndicat.<\/p>\n\n\n\n<h4 class=\"wp-block-heading\">\u00a0<strong>L\u2019UGTT : Pierre angulaire de la paix sociale<\/strong><\/h4>\n\n\n\n<p>L\u2019organisation reste\u00a0<strong>sourde aux provocations<\/strong> La batha\u00a0(\u0628\u0637\u062d\u0627\u0621 \u0645\u062d\u0645\u062f \u0639\u0644\u064a \u0627\u0644\u0635\u0645\u0651\u0627\u0621) car elle sait pouvoir compter sur ses soutiens r\u00e9els. Certaines forces politiques cherchent \u00e0 exploiter sa col\u00e8re pour en faire un alli\u00e9 de l\u2019opposition, dans un contexte de crise multidimensionnelle (politique, \u00e9conomique, sociale).<\/p>\n\n\n\n<blockquote class=\"wp-block-quote is-layout-flow wp-block-quote-is-layout-flow\">\n<p><\/p>\n<\/blockquote>\n","protected":false},"excerpt":{"rendered":"<p>La mobilisation protestataire devant le si\u00e8ge de l\u2019Union G\u00e9n\u00e9rale Tunisienne du Travail (UGTT) ce jeudi 7 ao\u00fbt 2025 ne rel\u00e8ve&nbsp;ni du spontan\u00e9 ni d\u2019une dynamique contestataire li\u00e9e \u00e0 la crise interne&nbsp;que traverse l\u2019organisation syndicale. Il s\u2019agit d\u2019une man\u0153uvre politique orchestr\u00e9e, pr\u00e9par\u00e9e ouvertement durant plusieurs jours via des appels publics. Si certains l\u2019attribuent \u00e0 des cercles [&hellip;]<\/p>\n","protected":false},"author":1,"featured_media":30452,"comment_status":"open","ping_status":"open","sticky":false,"template":"","format":"standard","meta":{"om_disable_all_campaigns":false,"footnotes":""},"categories":[739,9],"tags":[59,193,244,791,131,189,187,437],"class_list":["post-30451","post","type-post","status-publish","format-standard","has-post-thumbnail","hentry","category-la-une","category-politique","tag-entertainment","tag-kais-said","tag-laune","tag-nizar-jlidi","tag-politics","tag-trending-posts","tag-tunisie","tag-ugtt"],"yoast_head":"<!-- This site is optimized with the Yoast SEO plugin v27.5 - https:\/\/yoast.com\/product\/yoast-seo-wordpress\/ -->\n<title>Les manifestations devant le si\u00e8ge de l&#039;UGTT : Une offensive politique calcul\u00e9e - Le pont de Gen\u00e8ve<\/title>\n<meta name=\"description\" content=\"Une plate-forme en ligne a but de promouvoir les \u00e9changes culturels entre la Suisse et la Tunisie , renforcer la d\u00e9mocratie en Tunisie, et donne une information fiable s\u00fbre et cr\u00e9dible avec une collecte des infos qui concerne les deux cultures.Le pont de Gen\u00e8ve est diriger, encadrer et financer par l\u2019association le pont Gen\u00e8ve.\" \/>\n<meta name=\"robots\" content=\"index, follow, max-snippet:-1, max-image-preview:large, max-video-preview:-1\" \/>\n<link rel=\"canonical\" href=\"https:\/\/lepontdegeneve.ch\/?p=30451\" \/>\n<meta property=\"og:locale\" content=\"fr_FR\" \/>\n<meta property=\"og:type\" content=\"article\" \/>\n<meta property=\"og:title\" content=\"Les manifestations devant le si\u00e8ge de l&#039;UGTT : Une offensive politique calcul\u00e9e - Le pont de Gen\u00e8ve\" \/>\n<meta property=\"og:description\" content=\"Une plate-forme en ligne a but de promouvoir les \u00e9changes culturels entre la Suisse et la Tunisie , renforcer la d\u00e9mocratie en Tunisie, et donne une information fiable s\u00fbre et cr\u00e9dible avec une collecte des infos qui concerne les deux cultures.Le pont de Gen\u00e8ve est diriger, encadrer et financer par l\u2019association le pont Gen\u00e8ve.\" \/>\n<meta property=\"og:url\" content=\"https:\/\/lepontdegeneve.ch\/?p=30451\" \/>\n<meta property=\"og:site_name\" content=\"Le pont de Gen\u00e8ve\" \/>\n<meta property=\"article:published_time\" content=\"2025-08-10T12:56:56+00:00\" \/>\n<meta property=\"article:modified_time\" content=\"2025-08-10T12:56:57+00:00\" \/>\n<meta property=\"og:image\" content=\"https:\/\/lepontdegeneve.ch\/wp-content\/uploads\/2025\/08\/AP69743139313.jpg\" \/>\n\t<meta property=\"og:image:width\" content=\"1024\" \/>\n\t<meta property=\"og:image:height\" content=\"649\" \/>\n\t<meta property=\"og:image:type\" content=\"image\/jpeg\" \/>\n<meta name=\"author\" content=\"Le Pont de Gen\u00e8ve\" \/>\n<meta name=\"twitter:card\" content=\"summary_large_image\" \/>\n<meta name=\"twitter:label1\" content=\"\u00c9crit par\" \/>\n\t<meta name=\"twitter:data1\" content=\"Le Pont de Gen\u00e8ve\" \/>\n\t<meta name=\"twitter:label2\" content=\"Dur\u00e9e de lecture estim\u00e9e\" \/>\n\t<meta name=\"twitter:data2\" content=\"3 minutes\" \/>\n<script type=\"application\/ld+json\" class=\"yoast-schema-graph\">{\"@context\":\"https:\\\/\\\/schema.org\",\"@graph\":[{\"@type\":\"Article\",\"@id\":\"https:\\\/\\\/lepontdegeneve.ch\\\/?p=30451#article\",\"isPartOf\":{\"@id\":\"https:\\\/\\\/lepontdegeneve.ch\\\/?p=30451\"},\"author\":{\"name\":\"Le Pont de Gen\u00e8ve\",\"@id\":\"https:\\\/\\\/lepontdegeneve.ch\\\/#\\\/schema\\\/person\\\/90128a12398fd99348a199e0c658139c\"},\"headline\":\"Les manifestations devant le si\u00e8ge de l&rsquo;UGTT : Une offensive politique calcul\u00e9e\",\"datePublished\":\"2025-08-10T12:56:56+00:00\",\"dateModified\":\"2025-08-10T12:56:57+00:00\",\"mainEntityOfPage\":{\"@id\":\"https:\\\/\\\/lepontdegeneve.ch\\\/?p=30451\"},\"wordCount\":626,\"commentCount\":0,\"image\":{\"@id\":\"https:\\\/\\\/lepontdegeneve.ch\\\/?p=30451#primaryimage\"},\"thumbnailUrl\":\"https:\\\/\\\/lepontdegeneve.ch\\\/wp-content\\\/uploads\\\/2025\\\/08\\\/AP69743139313.jpg\",\"keywords\":[\"Entertainment\",\"Kais Said\",\"Laune\",\"Nizar Jlidi\",\"Politics\",\"Trending Posts\",\"Tunisie\",\"UGTT\"],\"articleSection\":[\"La Une\",\"Politique\"],\"inLanguage\":\"fr-FR\",\"potentialAction\":[{\"@type\":\"CommentAction\",\"name\":\"Comment\",\"target\":[\"https:\\\/\\\/lepontdegeneve.ch\\\/?p=30451#respond\"]}]},{\"@type\":\"WebPage\",\"@id\":\"https:\\\/\\\/lepontdegeneve.ch\\\/?p=30451\",\"url\":\"https:\\\/\\\/lepontdegeneve.ch\\\/?p=30451\",\"name\":\"Les manifestations devant le si\u00e8ge de l'UGTT : Une offensive politique calcul\u00e9e - Le pont de Gen\u00e8ve\",\"isPartOf\":{\"@id\":\"https:\\\/\\\/lepontdegeneve.ch\\\/#website\"},\"primaryImageOfPage\":{\"@id\":\"https:\\\/\\\/lepontdegeneve.ch\\\/?p=30451#primaryimage\"},\"image\":{\"@id\":\"https:\\\/\\\/lepontdegeneve.ch\\\/?p=30451#primaryimage\"},\"thumbnailUrl\":\"https:\\\/\\\/lepontdegeneve.ch\\\/wp-content\\\/uploads\\\/2025\\\/08\\\/AP69743139313.jpg\",\"datePublished\":\"2025-08-10T12:56:56+00:00\",\"dateModified\":\"2025-08-10T12:56:57+00:00\",\"author\":{\"@id\":\"https:\\\/\\\/lepontdegeneve.ch\\\/#\\\/schema\\\/person\\\/90128a12398fd99348a199e0c658139c\"},\"description\":\"Une plate-forme en ligne a but de promouvoir les \u00e9changes culturels entre la Suisse et la Tunisie , renforcer la d\u00e9mocratie en Tunisie, et donne une information fiable s\u00fbre et cr\u00e9dible avec une collecte des infos qui concerne les deux cultures.Le pont de Gen\u00e8ve est diriger, encadrer et financer par l\u2019association le pont Gen\u00e8ve.\",\"breadcrumb\":{\"@id\":\"https:\\\/\\\/lepontdegeneve.ch\\\/?p=30451#breadcrumb\"},\"inLanguage\":\"fr-FR\",\"potentialAction\":[{\"@type\":\"ReadAction\",\"target\":[\"https:\\\/\\\/lepontdegeneve.ch\\\/?p=30451\"]}]},{\"@type\":\"ImageObject\",\"inLanguage\":\"fr-FR\",\"@id\":\"https:\\\/\\\/lepontdegeneve.ch\\\/?p=30451#primaryimage\",\"url\":\"https:\\\/\\\/lepontdegeneve.ch\\\/wp-content\\\/uploads\\\/2025\\\/08\\\/AP69743139313.jpg\",\"contentUrl\":\"https:\\\/\\\/lepontdegeneve.ch\\\/wp-content\\\/uploads\\\/2025\\\/08\\\/AP69743139313.jpg\",\"width\":1024,\"height\":649,\"caption\":\"Les membres du syndicat de gauche UGTT battent en retraite lors d'affrontements avec des membres de la Ligue lors d'un rassemblement comm\u00e9morant l'assassinat en 1955 d'un membre historique, alors qu'ils ont \u00e9t\u00e9 attaqu\u00e9s par la Ligue pour la protection de la r\u00e9volution, mardi 4 d\u00e9cembre 2012 \u00e0 Tunis. Les membres de la Ligue sont consid\u00e9r\u00e9s comme proches du parti Ennahda, qui domine le gouvernement de coalition post-r\u00e9volutionnaire tunisien (AP Photo\\\/Amine Landoulsi). Traduit avec DeepL.com (version gratuite)\"},{\"@type\":\"BreadcrumbList\",\"@id\":\"https:\\\/\\\/lepontdegeneve.ch\\\/?p=30451#breadcrumb\",\"itemListElement\":[{\"@type\":\"ListItem\",\"position\":1,\"name\":\"Accueil\",\"item\":\"https:\\\/\\\/lepontdegeneve.ch\\\/\"},{\"@type\":\"ListItem\",\"position\":2,\"name\":\"Les manifestations devant le si\u00e8ge de l&rsquo;UGTT : Une offensive politique calcul\u00e9e\"}]},{\"@type\":\"WebSite\",\"@id\":\"https:\\\/\\\/lepontdegeneve.ch\\\/#website\",\"url\":\"https:\\\/\\\/lepontdegeneve.ch\\\/\",\"name\":\"Le pont de Gen\u00e8ve\",\"description\":\"\",\"potentialAction\":[{\"@type\":\"SearchAction\",\"target\":{\"@type\":\"EntryPoint\",\"urlTemplate\":\"https:\\\/\\\/lepontdegeneve.ch\\\/?s={search_term_string}\"},\"query-input\":{\"@type\":\"PropertyValueSpecification\",\"valueRequired\":true,\"valueName\":\"search_term_string\"}}],\"inLanguage\":\"fr-FR\"},{\"@type\":\"Person\",\"@id\":\"https:\\\/\\\/lepontdegeneve.ch\\\/#\\\/schema\\\/person\\\/90128a12398fd99348a199e0c658139c\",\"name\":\"Le Pont de Gen\u00e8ve\",\"image\":{\"@type\":\"ImageObject\",\"inLanguage\":\"fr-FR\",\"@id\":\"https:\\\/\\\/secure.gravatar.com\\\/avatar\\\/b2cd4b671948e0b3a044cce52421e758f75459e8a1b9e0493b750162492e12c9?s=96&d=mm&r=g\",\"url\":\"https:\\\/\\\/secure.gravatar.com\\\/avatar\\\/b2cd4b671948e0b3a044cce52421e758f75459e8a1b9e0493b750162492e12c9?s=96&d=mm&r=g\",\"contentUrl\":\"https:\\\/\\\/secure.gravatar.com\\\/avatar\\\/b2cd4b671948e0b3a044cce52421e758f75459e8a1b9e0493b750162492e12c9?s=96&d=mm&r=g\",\"caption\":\"Le Pont de Gen\u00e8ve\"},\"sameAs\":[\"https:\\\/\\\/lepontdegeneve.ch\"],\"url\":\"https:\\\/\\\/lepontdegeneve.ch\\\/?author=1\"}]}<\/script>\n<!-- \/ Yoast SEO plugin. -->","yoast_head_json":{"title":"Les manifestations devant le si\u00e8ge de l'UGTT : Une offensive politique calcul\u00e9e - Le pont de Gen\u00e8ve","description":"Une plate-forme en ligne a but de promouvoir les \u00e9changes culturels entre la Suisse et la Tunisie , renforcer la d\u00e9mocratie en Tunisie, et donne une information fiable s\u00fbre et cr\u00e9dible avec une collecte des infos qui concerne les deux cultures.Le pont de Gen\u00e8ve est diriger, encadrer et financer par l\u2019association le pont Gen\u00e8ve.","robots":{"index":"index","follow":"follow","max-snippet":"max-snippet:-1","max-image-preview":"max-image-preview:large","max-video-preview":"max-video-preview:-1"},"canonical":"https:\/\/lepontdegeneve.ch\/?p=30451","og_locale":"fr_FR","og_type":"article","og_title":"Les manifestations devant le si\u00e8ge de l'UGTT : Une offensive politique calcul\u00e9e - Le pont de Gen\u00e8ve","og_description":"Une plate-forme en ligne a but de promouvoir les \u00e9changes culturels entre la Suisse et la Tunisie , renforcer la d\u00e9mocratie en Tunisie, et donne une information fiable s\u00fbre et cr\u00e9dible avec une collecte des infos qui concerne les deux cultures.Le pont de Gen\u00e8ve est diriger, encadrer et financer par l\u2019association le pont Gen\u00e8ve.","og_url":"https:\/\/lepontdegeneve.ch\/?p=30451","og_site_name":"Le pont de Gen\u00e8ve","article_published_time":"2025-08-10T12:56:56+00:00","article_modified_time":"2025-08-10T12:56:57+00:00","og_image":[{"width":1024,"height":649,"url":"https:\/\/lepontdegeneve.ch\/wp-content\/uploads\/2025\/08\/AP69743139313.jpg","type":"image\/jpeg"}],"author":"Le Pont de Gen\u00e8ve","twitter_card":"summary_large_image","twitter_misc":{"\u00c9crit par":"Le Pont de Gen\u00e8ve","Dur\u00e9e de lecture estim\u00e9e":"3 minutes"},"schema":{"@context":"https:\/\/schema.org","@graph":[{"@type":"Article","@id":"https:\/\/lepontdegeneve.ch\/?p=30451#article","isPartOf":{"@id":"https:\/\/lepontdegeneve.ch\/?p=30451"},"author":{"name":"Le Pont de Gen\u00e8ve","@id":"https:\/\/lepontdegeneve.ch\/#\/schema\/person\/90128a12398fd99348a199e0c658139c"},"headline":"Les manifestations devant le si\u00e8ge de l&rsquo;UGTT : Une offensive politique calcul\u00e9e","datePublished":"2025-08-10T12:56:56+00:00","dateModified":"2025-08-10T12:56:57+00:00","mainEntityOfPage":{"@id":"https:\/\/lepontdegeneve.ch\/?p=30451"},"wordCount":626,"commentCount":0,"image":{"@id":"https:\/\/lepontdegeneve.ch\/?p=30451#primaryimage"},"thumbnailUrl":"https:\/\/lepontdegeneve.ch\/wp-content\/uploads\/2025\/08\/AP69743139313.jpg","keywords":["Entertainment","Kais Said","Laune","Nizar Jlidi","Politics","Trending Posts","Tunisie","UGTT"],"articleSection":["La Une","Politique"],"inLanguage":"fr-FR","potentialAction":[{"@type":"CommentAction","name":"Comment","target":["https:\/\/lepontdegeneve.ch\/?p=30451#respond"]}]},{"@type":"WebPage","@id":"https:\/\/lepontdegeneve.ch\/?p=30451","url":"https:\/\/lepontdegeneve.ch\/?p=30451","name":"Les manifestations devant le si\u00e8ge de l'UGTT : Une offensive politique calcul\u00e9e - Le pont de Gen\u00e8ve","isPartOf":{"@id":"https:\/\/lepontdegeneve.ch\/#website"},"primaryImageOfPage":{"@id":"https:\/\/lepontdegeneve.ch\/?p=30451#primaryimage"},"image":{"@id":"https:\/\/lepontdegeneve.ch\/?p=30451#primaryimage"},"thumbnailUrl":"https:\/\/lepontdegeneve.ch\/wp-content\/uploads\/2025\/08\/AP69743139313.jpg","datePublished":"2025-08-10T12:56:56+00:00","dateModified":"2025-08-10T12:56:57+00:00","author":{"@id":"https:\/\/lepontdegeneve.ch\/#\/schema\/person\/90128a12398fd99348a199e0c658139c"},"description":"Une plate-forme en ligne a but de promouvoir les \u00e9changes culturels entre la Suisse et la Tunisie , renforcer la d\u00e9mocratie en Tunisie, et donne une information fiable s\u00fbre et cr\u00e9dible avec une collecte des infos qui concerne les deux cultures.Le pont de Gen\u00e8ve est diriger, encadrer et financer par l\u2019association le pont Gen\u00e8ve.","breadcrumb":{"@id":"https:\/\/lepontdegeneve.ch\/?p=30451#breadcrumb"},"inLanguage":"fr-FR","potentialAction":[{"@type":"ReadAction","target":["https:\/\/lepontdegeneve.ch\/?p=30451"]}]},{"@type":"ImageObject","inLanguage":"fr-FR","@id":"https:\/\/lepontdegeneve.ch\/?p=30451#primaryimage","url":"https:\/\/lepontdegeneve.ch\/wp-content\/uploads\/2025\/08\/AP69743139313.jpg","contentUrl":"https:\/\/lepontdegeneve.ch\/wp-content\/uploads\/2025\/08\/AP69743139313.jpg","width":1024,"height":649,"caption":"Les membres du syndicat de gauche UGTT battent en retraite lors d'affrontements avec des membres de la Ligue lors d'un rassemblement comm\u00e9morant l'assassinat en 1955 d'un membre historique, alors qu'ils ont \u00e9t\u00e9 attaqu\u00e9s par la Ligue pour la protection de la r\u00e9volution, mardi 4 d\u00e9cembre 2012 \u00e0 Tunis. Les membres de la Ligue sont consid\u00e9r\u00e9s comme proches du parti Ennahda, qui domine le gouvernement de coalition post-r\u00e9volutionnaire tunisien (AP Photo\/Amine Landoulsi). Traduit avec DeepL.com (version gratuite)"},{"@type":"BreadcrumbList","@id":"https:\/\/lepontdegeneve.ch\/?p=30451#breadcrumb","itemListElement":[{"@type":"ListItem","position":1,"name":"Accueil","item":"https:\/\/lepontdegeneve.ch\/"},{"@type":"ListItem","position":2,"name":"Les manifestations devant le si\u00e8ge de l&rsquo;UGTT : Une offensive politique calcul\u00e9e"}]},{"@type":"WebSite","@id":"https:\/\/lepontdegeneve.ch\/#website","url":"https:\/\/lepontdegeneve.ch\/","name":"Le pont de Gen\u00e8ve","description":"","potentialAction":[{"@type":"SearchAction","target":{"@type":"EntryPoint","urlTemplate":"https:\/\/lepontdegeneve.ch\/?s={search_term_string}"},"query-input":{"@type":"PropertyValueSpecification","valueRequired":true,"valueName":"search_term_string"}}],"inLanguage":"fr-FR"},{"@type":"Person","@id":"https:\/\/lepontdegeneve.ch\/#\/schema\/person\/90128a12398fd99348a199e0c658139c","name":"Le Pont de Gen\u00e8ve","image":{"@type":"ImageObject","inLanguage":"fr-FR","@id":"https:\/\/secure.gravatar.com\/avatar\/b2cd4b671948e0b3a044cce52421e758f75459e8a1b9e0493b750162492e12c9?s=96&d=mm&r=g","url":"https:\/\/secure.gravatar.com\/avatar\/b2cd4b671948e0b3a044cce52421e758f75459e8a1b9e0493b750162492e12c9?s=96&d=mm&r=g","contentUrl":"https:\/\/secure.gravatar.com\/avatar\/b2cd4b671948e0b3a044cce52421e758f75459e8a1b9e0493b750162492e12c9?s=96&d=mm&r=g","caption":"Le Pont de Gen\u00e8ve"},"sameAs":["https:\/\/lepontdegeneve.ch"],"url":"https:\/\/lepontdegeneve.ch\/?author=1"}]}},"amp_enabled":true,"_links":{"self":[{"href":"https:\/\/lepontdegeneve.ch\/index.php?rest_route=\/wp\/v2\/posts\/30451","targetHints":{"allow":["GET"]}}],"collection":[{"href":"https:\/\/lepontdegeneve.ch\/index.php?rest_route=\/wp\/v2\/posts"}],"about":[{"href":"https:\/\/lepontdegeneve.ch\/index.php?rest_route=\/wp\/v2\/types\/post"}],"author":[{"embeddable":true,"href":"https:\/\/lepontdegeneve.ch\/index.php?rest_route=\/wp\/v2\/users\/1"}],"replies":[{"embeddable":true,"href":"https:\/\/lepontdegeneve.ch\/index.php?rest_route=%2Fwp%2Fv2%2Fcomments&post=30451"}],"version-history":[{"count":1,"href":"https:\/\/lepontdegeneve.ch\/index.php?rest_route=\/wp\/v2\/posts\/30451\/revisions"}],"predecessor-version":[{"id":30453,"href":"https:\/\/lepontdegeneve.ch\/index.php?rest_route=\/wp\/v2\/posts\/30451\/revisions\/30453"}],"wp:featuredmedia":[{"embeddable":true,"href":"https:\/\/lepontdegeneve.ch\/index.php?rest_route=\/wp\/v2\/media\/30452"}],"wp:attachment":[{"href":"https:\/\/lepontdegeneve.ch\/index.php?rest_route=%2Fwp%2Fv2%2Fmedia&parent=30451"}],"wp:term":[{"taxonomy":"category","embeddable":true,"href":"https:\/\/lepontdegeneve.ch\/index.php?rest_route=%2Fwp%2Fv2%2Fcategories&post=30451"},{"taxonomy":"post_tag","embeddable":true,"href":"https:\/\/lepontdegeneve.ch\/index.php?rest_route=%2Fwp%2Fv2%2Ftags&post=30451"}],"curies":[{"name":"wp","href":"https:\/\/api.w.org\/{rel}","templated":true}]}}