{"id":30613,"date":"2025-10-28T10:53:26","date_gmt":"2025-10-28T09:53:26","guid":{"rendered":"https:\/\/lepontdegeneve.ch\/?p=30613"},"modified":"2025-10-28T10:53:28","modified_gmt":"2025-10-28T09:53:28","slug":"tunisie-lancien-president-de-la-cour-de-cassation-condamne-a-30-ans-de-prison","status":"publish","type":"post","link":"https:\/\/lepontdegeneve.ch\/?p=30613","title":{"rendered":"Tunisie : l&rsquo;ancien pr\u00e9sident de la Cour de cassation condamn\u00e9 \u00e0 30 ans de prison"},"content":{"rendered":"\n<p><\/p>\n\n\n\n<p><strong>Tunis<\/strong>\u00a0\u2013 La Chambre criminelle sp\u00e9cialis\u00e9e dans les affaires de corruption financi\u00e8re du Tribunal de premi\u00e8re instance de Tunis a condamn\u00e9, lundi, Ta\u00efeb Rached, l&rsquo;ancien premier pr\u00e9sident de la Cour de cassation, \u00e0 une peine de\u00a0<strong>30 ans de prison<\/strong>.<\/p>\n\n\n\n<h3 class=\"wp-block-heading\">Les coaccus\u00e9s et les charges<\/h3>\n\n\n\n<p>Outre Ta\u00efeb Rached, deux hommes d&rsquo;affaires,\u00a0<strong>Nejib Ben Ismail<\/strong>\u00a0et\u00a0<strong>Fethi Jenayeh<\/strong>, ont \u00e9t\u00e9 condamn\u00e9s respectivement \u00e0 27 et 30 ans de prison. Un magistrat r\u00e9voqu\u00e9 a, quant \u00e0 lui, \u00e9cop\u00e9 d&rsquo;une peine de 20 ans de r\u00e9clusion.<\/p>\n\n\n\n<p>Ces condamnations interviennent dans le cadre d&rsquo;une vaste affaire judiciaire. Selon l&rsquo;acte d&rsquo;accusation, les faits reproch\u00e9s m\u00ealent\u00a0<strong>entente criminelle, blanchiment d&rsquo;argent, corruption, falsification et usage de faux<\/strong>. Les quatre accus\u00e9s avaient \u00e9t\u00e9 d\u00e9f\u00e9r\u00e9s devant la chambre criminelle \u00e0 l&rsquo;issue d&rsquo;une enqu\u00eate ayant port\u00e9 sur des flux financiers suspects et des transactions ill\u00e9gales.<\/p>\n\n\n\n<h3 class=\"wp-block-heading\">Le d\u00e9roulement proc\u00e9dural avant le verdict<\/h3>\n\n\n\n<p>Le proc\u00e8s de Ta\u00efeb Rached a connu plusieurs reports avant d&rsquo;aboutir au verdict. Le tableau ci-dessous r\u00e9sume les principales \u00e9tapes proc\u00e9durales rapport\u00e9es par les m\u00e9dias :<\/p>\n\n\n\n<p>Rappelons que, Ta\u00efeb Rached n&rsquo;\u00e9tait plus prot\u00e9g\u00e9 par l&rsquo;immunit\u00e9 judiciaire depuis novembre 2020. \u00c0 cette \u00e9poque, il se retrouvait m\u00eal\u00e9 \u00e0 des histoires de divulgation d&rsquo;informations sensibles en rapport avec les investigations sur les meurtres de Chokri Bela\u00efd et Mohamed Brahmi. De plus, on le soup\u00e7onnait de malversations financi\u00e8res.<\/p>\n\n\n\n<p><\/p>\n\n\n\n<h3 class=\"wp-block-heading\">Chronologie d&rsquo;une chute annonc\u00e9e<\/h3>\n\n\n\n<p><strong><em>Le tableau ci-dessous r\u00e9sume les \u00e9tapes cl\u00e9s de cette affaire judiciaire hors norme :<\/em><\/strong><\/p>\n\n\n\n<figure class=\"wp-block-table\"><table class=\"has-fixed-layout\"><thead><tr><th>Date<\/th><th>\u00c9v\u00e9nement<\/th><\/tr><\/thead><tbody><tr><td>Novembre 2020<\/td><td>Lev\u00e9e de l&rsquo;immunit\u00e9 de Ta\u00efeb Rached<\/td><\/tr><tr><td>12 f\u00e9vrier 2023<\/td><td>Placement en d\u00e9tention de Ta\u00efeb Rached<\/td><\/tr><tr><td>19 mai 2025<\/td><td>Report du proc\u00e8s au 9 juin<\/td><\/tr><tr><td>9 juin 2025<\/td><td>Nouveau report du proc\u00e8s au 3 juillet<\/td><\/tr><tr><td>Lundi [Date du verdict]<\/td><td><strong>Verdict : condamnation \u00e0 30 ans de prison<\/strong><\/td><\/tr><tr><td>Septembre 2025<\/td><td>Rejet d&rsquo;une demande de lib\u00e9ration et report au 9 octobre<\/td><\/tr><\/tbody><\/table><\/figure>\n","protected":false},"excerpt":{"rendered":"<p>Tunis\u00a0\u2013 La Chambre criminelle sp\u00e9cialis\u00e9e dans les affaires de corruption financi\u00e8re du Tribunal de premi\u00e8re instance de Tunis a condamn\u00e9, lundi, Ta\u00efeb Rached, l&rsquo;ancien premier pr\u00e9sident de la Cour de cassation, \u00e0 une peine de\u00a030 ans de prison. Les coaccus\u00e9s et les charges Outre Ta\u00efeb Rached, deux hommes d&rsquo;affaires,\u00a0Nejib Ben Ismail\u00a0et\u00a0Fethi Jenayeh, ont \u00e9t\u00e9 condamn\u00e9s [&hellip;]<\/p>\n","protected":false},"author":1,"featured_media":30614,"comment_status":"open","ping_status":"open","sticky":false,"template":"","format":"standard","meta":{"om_disable_all_campaigns":false,"footnotes":""},"categories":[739,9],"tags":[262,59,892,193,244,891,131,890,189,187],"class_list":["post-30613","post","type-post","status-publish","format-standard","has-post-thumbnail","hentry","category-la-une","category-politique","tag-actualite-tunisie","tag-entertainment","tag-fethi-jenayeh","tag-kais-said","tag-laune","tag-nejib-ben-ismail","tag-politics","tag-taieb-rached","tag-trending-posts","tag-tunisie"],"yoast_head":"<!-- This site is optimized with the Yoast SEO plugin v27.5 - https:\/\/yoast.com\/product\/yoast-seo-wordpress\/ -->\n<title>Tunisie : l&#039;ancien pr\u00e9sident de la Cour de cassation condamn\u00e9 \u00e0 30 ans de prison - Le pont de Gen\u00e8ve<\/title>\n<meta name=\"description\" content=\"Une plate-forme en ligne a but de promouvoir les \u00e9changes culturels entre la Suisse et la Tunisie , renforcer la d\u00e9mocratie en Tunisie, et donne une information fiable s\u00fbre et cr\u00e9dible avec une collecte des infos qui concerne les deux cultures.Le pont de Gen\u00e8ve est diriger, encadrer et financer par l\u2019association le pont Gen\u00e8ve.\" \/>\n<meta name=\"robots\" content=\"index, follow, max-snippet:-1, max-image-preview:large, max-video-preview:-1\" \/>\n<link rel=\"canonical\" href=\"https:\/\/lepontdegeneve.ch\/?p=30613\" \/>\n<meta property=\"og:locale\" content=\"fr_FR\" \/>\n<meta property=\"og:type\" content=\"article\" \/>\n<meta property=\"og:title\" content=\"Tunisie : l&#039;ancien pr\u00e9sident de la Cour de cassation condamn\u00e9 \u00e0 30 ans de prison - Le pont de Gen\u00e8ve\" \/>\n<meta property=\"og:description\" content=\"Une plate-forme en ligne a but de promouvoir les \u00e9changes culturels entre la Suisse et la Tunisie , renforcer la d\u00e9mocratie en Tunisie, et donne une information fiable s\u00fbre et cr\u00e9dible avec une collecte des infos qui concerne les deux cultures.Le pont de Gen\u00e8ve est diriger, encadrer et financer par l\u2019association le pont Gen\u00e8ve.\" \/>\n<meta property=\"og:url\" content=\"https:\/\/lepontdegeneve.ch\/?p=30613\" \/>\n<meta property=\"og:site_name\" content=\"Le pont de Gen\u00e8ve\" \/>\n<meta property=\"article:published_time\" content=\"2025-10-28T09:53:26+00:00\" \/>\n<meta property=\"article:modified_time\" content=\"2025-10-28T09:53:28+00:00\" \/>\n<meta property=\"og:image\" content=\"https:\/\/lepontdegeneve.ch\/wp-content\/uploads\/2025\/10\/Taieb-Rached.jpg\" \/>\n\t<meta property=\"og:image:width\" content=\"860\" \/>\n\t<meta property=\"og:image:height\" content=\"483\" \/>\n\t<meta property=\"og:image:type\" content=\"image\/jpeg\" \/>\n<meta name=\"author\" content=\"Le Pont de Gen\u00e8ve\" \/>\n<meta name=\"twitter:card\" content=\"summary_large_image\" \/>\n<meta name=\"twitter:label1\" content=\"\u00c9crit par\" \/>\n\t<meta name=\"twitter:data1\" content=\"Le Pont de Gen\u00e8ve\" \/>\n\t<meta name=\"twitter:label2\" content=\"Dur\u00e9e de lecture estim\u00e9e\" \/>\n\t<meta name=\"twitter:data2\" content=\"2 minutes\" \/>\n<script type=\"application\/ld+json\" class=\"yoast-schema-graph\">{\"@context\":\"https:\\\/\\\/schema.org\",\"@graph\":[{\"@type\":\"Article\",\"@id\":\"https:\\\/\\\/lepontdegeneve.ch\\\/?p=30613#article\",\"isPartOf\":{\"@id\":\"https:\\\/\\\/lepontdegeneve.ch\\\/?p=30613\"},\"author\":{\"name\":\"Le Pont de Gen\u00e8ve\",\"@id\":\"https:\\\/\\\/lepontdegeneve.ch\\\/#\\\/schema\\\/person\\\/90128a12398fd99348a199e0c658139c\"},\"headline\":\"Tunisie : l&rsquo;ancien pr\u00e9sident de la Cour de cassation condamn\u00e9 \u00e0 30 ans de prison\",\"datePublished\":\"2025-10-28T09:53:26+00:00\",\"dateModified\":\"2025-10-28T09:53:28+00:00\",\"mainEntityOfPage\":{\"@id\":\"https:\\\/\\\/lepontdegeneve.ch\\\/?p=30613\"},\"wordCount\":343,\"commentCount\":0,\"image\":{\"@id\":\"https:\\\/\\\/lepontdegeneve.ch\\\/?p=30613#primaryimage\"},\"thumbnailUrl\":\"https:\\\/\\\/lepontdegeneve.ch\\\/wp-content\\\/uploads\\\/2025\\\/10\\\/Taieb-Rached.jpg\",\"keywords\":[\"actualit\u00e9 Tunisie\",\"Entertainment\",\"Fethi Jenayeh\",\"Kais Said\",\"Laune\",\"Nejib Ben Ismail\",\"Politics\",\"Ta\u00efeb Rached\",\"Trending Posts\",\"Tunisie\"],\"articleSection\":[\"La Une\",\"Politique\"],\"inLanguage\":\"fr-FR\",\"potentialAction\":[{\"@type\":\"CommentAction\",\"name\":\"Comment\",\"target\":[\"https:\\\/\\\/lepontdegeneve.ch\\\/?p=30613#respond\"]}]},{\"@type\":\"WebPage\",\"@id\":\"https:\\\/\\\/lepontdegeneve.ch\\\/?p=30613\",\"url\":\"https:\\\/\\\/lepontdegeneve.ch\\\/?p=30613\",\"name\":\"Tunisie : l'ancien pr\u00e9sident de la Cour de cassation condamn\u00e9 \u00e0 30 ans de prison - Le pont de Gen\u00e8ve\",\"isPartOf\":{\"@id\":\"https:\\\/\\\/lepontdegeneve.ch\\\/#website\"},\"primaryImageOfPage\":{\"@id\":\"https:\\\/\\\/lepontdegeneve.ch\\\/?p=30613#primaryimage\"},\"image\":{\"@id\":\"https:\\\/\\\/lepontdegeneve.ch\\\/?p=30613#primaryimage\"},\"thumbnailUrl\":\"https:\\\/\\\/lepontdegeneve.ch\\\/wp-content\\\/uploads\\\/2025\\\/10\\\/Taieb-Rached.jpg\",\"datePublished\":\"2025-10-28T09:53:26+00:00\",\"dateModified\":\"2025-10-28T09:53:28+00:00\",\"author\":{\"@id\":\"https:\\\/\\\/lepontdegeneve.ch\\\/#\\\/schema\\\/person\\\/90128a12398fd99348a199e0c658139c\"},\"description\":\"Une plate-forme en ligne a but de promouvoir les \u00e9changes culturels entre la Suisse et la Tunisie , renforcer la d\u00e9mocratie en Tunisie, et donne une information fiable s\u00fbre et cr\u00e9dible avec une collecte des infos qui concerne les deux cultures.Le pont de Gen\u00e8ve est diriger, encadrer et financer par l\u2019association le pont Gen\u00e8ve.\",\"breadcrumb\":{\"@id\":\"https:\\\/\\\/lepontdegeneve.ch\\\/?p=30613#breadcrumb\"},\"inLanguage\":\"fr-FR\",\"potentialAction\":[{\"@type\":\"ReadAction\",\"target\":[\"https:\\\/\\\/lepontdegeneve.ch\\\/?p=30613\"]}]},{\"@type\":\"ImageObject\",\"inLanguage\":\"fr-FR\",\"@id\":\"https:\\\/\\\/lepontdegeneve.ch\\\/?p=30613#primaryimage\",\"url\":\"https:\\\/\\\/lepontdegeneve.ch\\\/wp-content\\\/uploads\\\/2025\\\/10\\\/Taieb-Rached.jpg\",\"contentUrl\":\"https:\\\/\\\/lepontdegeneve.ch\\\/wp-content\\\/uploads\\\/2025\\\/10\\\/Taieb-Rached.jpg\",\"width\":860,\"height\":483},{\"@type\":\"BreadcrumbList\",\"@id\":\"https:\\\/\\\/lepontdegeneve.ch\\\/?p=30613#breadcrumb\",\"itemListElement\":[{\"@type\":\"ListItem\",\"position\":1,\"name\":\"Accueil\",\"item\":\"https:\\\/\\\/lepontdegeneve.ch\\\/\"},{\"@type\":\"ListItem\",\"position\":2,\"name\":\"Tunisie : l&rsquo;ancien pr\u00e9sident de la Cour de cassation condamn\u00e9 \u00e0 30 ans de prison\"}]},{\"@type\":\"WebSite\",\"@id\":\"https:\\\/\\\/lepontdegeneve.ch\\\/#website\",\"url\":\"https:\\\/\\\/lepontdegeneve.ch\\\/\",\"name\":\"Le pont de Gen\u00e8ve\",\"description\":\"\",\"potentialAction\":[{\"@type\":\"SearchAction\",\"target\":{\"@type\":\"EntryPoint\",\"urlTemplate\":\"https:\\\/\\\/lepontdegeneve.ch\\\/?s={search_term_string}\"},\"query-input\":{\"@type\":\"PropertyValueSpecification\",\"valueRequired\":true,\"valueName\":\"search_term_string\"}}],\"inLanguage\":\"fr-FR\"},{\"@type\":\"Person\",\"@id\":\"https:\\\/\\\/lepontdegeneve.ch\\\/#\\\/schema\\\/person\\\/90128a12398fd99348a199e0c658139c\",\"name\":\"Le Pont de Gen\u00e8ve\",\"image\":{\"@type\":\"ImageObject\",\"inLanguage\":\"fr-FR\",\"@id\":\"https:\\\/\\\/secure.gravatar.com\\\/avatar\\\/b2cd4b671948e0b3a044cce52421e758f75459e8a1b9e0493b750162492e12c9?s=96&d=mm&r=g\",\"url\":\"https:\\\/\\\/secure.gravatar.com\\\/avatar\\\/b2cd4b671948e0b3a044cce52421e758f75459e8a1b9e0493b750162492e12c9?s=96&d=mm&r=g\",\"contentUrl\":\"https:\\\/\\\/secure.gravatar.com\\\/avatar\\\/b2cd4b671948e0b3a044cce52421e758f75459e8a1b9e0493b750162492e12c9?s=96&d=mm&r=g\",\"caption\":\"Le Pont de Gen\u00e8ve\"},\"sameAs\":[\"https:\\\/\\\/lepontdegeneve.ch\"],\"url\":\"https:\\\/\\\/lepontdegeneve.ch\\\/?author=1\"}]}<\/script>\n<!-- \/ Yoast SEO plugin. -->","yoast_head_json":{"title":"Tunisie : l'ancien pr\u00e9sident de la Cour de cassation condamn\u00e9 \u00e0 30 ans de prison - Le pont de Gen\u00e8ve","description":"Une plate-forme en ligne a but de promouvoir les \u00e9changes culturels entre la Suisse et la Tunisie , renforcer la d\u00e9mocratie en Tunisie, et donne une information fiable s\u00fbre et cr\u00e9dible avec une collecte des infos qui concerne les deux cultures.Le pont de Gen\u00e8ve est diriger, encadrer et financer par l\u2019association le pont Gen\u00e8ve.","robots":{"index":"index","follow":"follow","max-snippet":"max-snippet:-1","max-image-preview":"max-image-preview:large","max-video-preview":"max-video-preview:-1"},"canonical":"https:\/\/lepontdegeneve.ch\/?p=30613","og_locale":"fr_FR","og_type":"article","og_title":"Tunisie : l'ancien pr\u00e9sident de la Cour de cassation condamn\u00e9 \u00e0 30 ans de prison - Le pont de Gen\u00e8ve","og_description":"Une plate-forme en ligne a but de promouvoir les \u00e9changes culturels entre la Suisse et la Tunisie , renforcer la d\u00e9mocratie en Tunisie, et donne une information fiable s\u00fbre et cr\u00e9dible avec une collecte des infos qui concerne les deux cultures.Le pont de Gen\u00e8ve est diriger, encadrer et financer par l\u2019association le pont Gen\u00e8ve.","og_url":"https:\/\/lepontdegeneve.ch\/?p=30613","og_site_name":"Le pont de Gen\u00e8ve","article_published_time":"2025-10-28T09:53:26+00:00","article_modified_time":"2025-10-28T09:53:28+00:00","og_image":[{"width":860,"height":483,"url":"https:\/\/lepontdegeneve.ch\/wp-content\/uploads\/2025\/10\/Taieb-Rached.jpg","type":"image\/jpeg"}],"author":"Le Pont de Gen\u00e8ve","twitter_card":"summary_large_image","twitter_misc":{"\u00c9crit par":"Le Pont de Gen\u00e8ve","Dur\u00e9e de lecture estim\u00e9e":"2 minutes"},"schema":{"@context":"https:\/\/schema.org","@graph":[{"@type":"Article","@id":"https:\/\/lepontdegeneve.ch\/?p=30613#article","isPartOf":{"@id":"https:\/\/lepontdegeneve.ch\/?p=30613"},"author":{"name":"Le Pont de Gen\u00e8ve","@id":"https:\/\/lepontdegeneve.ch\/#\/schema\/person\/90128a12398fd99348a199e0c658139c"},"headline":"Tunisie : l&rsquo;ancien pr\u00e9sident de la Cour de cassation condamn\u00e9 \u00e0 30 ans de prison","datePublished":"2025-10-28T09:53:26+00:00","dateModified":"2025-10-28T09:53:28+00:00","mainEntityOfPage":{"@id":"https:\/\/lepontdegeneve.ch\/?p=30613"},"wordCount":343,"commentCount":0,"image":{"@id":"https:\/\/lepontdegeneve.ch\/?p=30613#primaryimage"},"thumbnailUrl":"https:\/\/lepontdegeneve.ch\/wp-content\/uploads\/2025\/10\/Taieb-Rached.jpg","keywords":["actualit\u00e9 Tunisie","Entertainment","Fethi Jenayeh","Kais Said","Laune","Nejib Ben Ismail","Politics","Ta\u00efeb Rached","Trending Posts","Tunisie"],"articleSection":["La Une","Politique"],"inLanguage":"fr-FR","potentialAction":[{"@type":"CommentAction","name":"Comment","target":["https:\/\/lepontdegeneve.ch\/?p=30613#respond"]}]},{"@type":"WebPage","@id":"https:\/\/lepontdegeneve.ch\/?p=30613","url":"https:\/\/lepontdegeneve.ch\/?p=30613","name":"Tunisie : l'ancien pr\u00e9sident de la Cour de cassation condamn\u00e9 \u00e0 30 ans de prison - Le pont de Gen\u00e8ve","isPartOf":{"@id":"https:\/\/lepontdegeneve.ch\/#website"},"primaryImageOfPage":{"@id":"https:\/\/lepontdegeneve.ch\/?p=30613#primaryimage"},"image":{"@id":"https:\/\/lepontdegeneve.ch\/?p=30613#primaryimage"},"thumbnailUrl":"https:\/\/lepontdegeneve.ch\/wp-content\/uploads\/2025\/10\/Taieb-Rached.jpg","datePublished":"2025-10-28T09:53:26+00:00","dateModified":"2025-10-28T09:53:28+00:00","author":{"@id":"https:\/\/lepontdegeneve.ch\/#\/schema\/person\/90128a12398fd99348a199e0c658139c"},"description":"Une plate-forme en ligne a but de promouvoir les \u00e9changes culturels entre la Suisse et la Tunisie , renforcer la d\u00e9mocratie en Tunisie, et donne une information fiable s\u00fbre et cr\u00e9dible avec une collecte des infos qui concerne les deux cultures.Le pont de Gen\u00e8ve est diriger, encadrer et financer par l\u2019association le pont Gen\u00e8ve.","breadcrumb":{"@id":"https:\/\/lepontdegeneve.ch\/?p=30613#breadcrumb"},"inLanguage":"fr-FR","potentialAction":[{"@type":"ReadAction","target":["https:\/\/lepontdegeneve.ch\/?p=30613"]}]},{"@type":"ImageObject","inLanguage":"fr-FR","@id":"https:\/\/lepontdegeneve.ch\/?p=30613#primaryimage","url":"https:\/\/lepontdegeneve.ch\/wp-content\/uploads\/2025\/10\/Taieb-Rached.jpg","contentUrl":"https:\/\/lepontdegeneve.ch\/wp-content\/uploads\/2025\/10\/Taieb-Rached.jpg","width":860,"height":483},{"@type":"BreadcrumbList","@id":"https:\/\/lepontdegeneve.ch\/?p=30613#breadcrumb","itemListElement":[{"@type":"ListItem","position":1,"name":"Accueil","item":"https:\/\/lepontdegeneve.ch\/"},{"@type":"ListItem","position":2,"name":"Tunisie : l&rsquo;ancien pr\u00e9sident de la Cour de cassation condamn\u00e9 \u00e0 30 ans de prison"}]},{"@type":"WebSite","@id":"https:\/\/lepontdegeneve.ch\/#website","url":"https:\/\/lepontdegeneve.ch\/","name":"Le pont de Gen\u00e8ve","description":"","potentialAction":[{"@type":"SearchAction","target":{"@type":"EntryPoint","urlTemplate":"https:\/\/lepontdegeneve.ch\/?s={search_term_string}"},"query-input":{"@type":"PropertyValueSpecification","valueRequired":true,"valueName":"search_term_string"}}],"inLanguage":"fr-FR"},{"@type":"Person","@id":"https:\/\/lepontdegeneve.ch\/#\/schema\/person\/90128a12398fd99348a199e0c658139c","name":"Le Pont de Gen\u00e8ve","image":{"@type":"ImageObject","inLanguage":"fr-FR","@id":"https:\/\/secure.gravatar.com\/avatar\/b2cd4b671948e0b3a044cce52421e758f75459e8a1b9e0493b750162492e12c9?s=96&d=mm&r=g","url":"https:\/\/secure.gravatar.com\/avatar\/b2cd4b671948e0b3a044cce52421e758f75459e8a1b9e0493b750162492e12c9?s=96&d=mm&r=g","contentUrl":"https:\/\/secure.gravatar.com\/avatar\/b2cd4b671948e0b3a044cce52421e758f75459e8a1b9e0493b750162492e12c9?s=96&d=mm&r=g","caption":"Le Pont de Gen\u00e8ve"},"sameAs":["https:\/\/lepontdegeneve.ch"],"url":"https:\/\/lepontdegeneve.ch\/?author=1"}]}},"amp_enabled":true,"_links":{"self":[{"href":"https:\/\/lepontdegeneve.ch\/index.php?rest_route=\/wp\/v2\/posts\/30613","targetHints":{"allow":["GET"]}}],"collection":[{"href":"https:\/\/lepontdegeneve.ch\/index.php?rest_route=\/wp\/v2\/posts"}],"about":[{"href":"https:\/\/lepontdegeneve.ch\/index.php?rest_route=\/wp\/v2\/types\/post"}],"author":[{"embeddable":true,"href":"https:\/\/lepontdegeneve.ch\/index.php?rest_route=\/wp\/v2\/users\/1"}],"replies":[{"embeddable":true,"href":"https:\/\/lepontdegeneve.ch\/index.php?rest_route=%2Fwp%2Fv2%2Fcomments&post=30613"}],"version-history":[{"count":1,"href":"https:\/\/lepontdegeneve.ch\/index.php?rest_route=\/wp\/v2\/posts\/30613\/revisions"}],"predecessor-version":[{"id":30615,"href":"https:\/\/lepontdegeneve.ch\/index.php?rest_route=\/wp\/v2\/posts\/30613\/revisions\/30615"}],"wp:featuredmedia":[{"embeddable":true,"href":"https:\/\/lepontdegeneve.ch\/index.php?rest_route=\/wp\/v2\/media\/30614"}],"wp:attachment":[{"href":"https:\/\/lepontdegeneve.ch\/index.php?rest_route=%2Fwp%2Fv2%2Fmedia&parent=30613"}],"wp:term":[{"taxonomy":"category","embeddable":true,"href":"https:\/\/lepontdegeneve.ch\/index.php?rest_route=%2Fwp%2Fv2%2Fcategories&post=30613"},{"taxonomy":"post_tag","embeddable":true,"href":"https:\/\/lepontdegeneve.ch\/index.php?rest_route=%2Fwp%2Fv2%2Ftags&post=30613"}],"curies":[{"name":"wp","href":"https:\/\/api.w.org\/{rel}","templated":true}]}}