{"id":31059,"date":"2026-04-30T11:16:59","date_gmt":"2026-04-30T09:16:59","guid":{"rendered":"https:\/\/lepontdegeneve.ch\/?p=31059"},"modified":"2026-04-30T11:37:07","modified_gmt":"2026-04-30T09:37:07","slug":"conseil-central-ppds-2026-belkacem-yaacoubi","status":"publish","type":"post","link":"https:\/\/lepontdegeneve.ch\/?p=31059","title":{"rendered":"Conseil central du PPDS: Ka\u00efs Sa\u00efed est le principal responsable de la d\u00e9gradation politique, sociale et des libert\u00e9s en Tunisie"},"content":{"rendered":"\n<p>Les 25 et 26 avril 2026, les cadres du Parti patriotique d\u00e9mocratique socialiste (PPDS) se sont r\u00e9unis \u00e0 Tunis en une session d\u00e9di\u00e9e \u00e0 la m\u00e9moire du d\u00e9funt Belkacem Yaacoubi, sous la direction de son secr\u00e9taire g\u00e9n\u00e9ral Nouri Beltoumi. En pr\u00e9sence des repr\u00e9sentants des bureaux r\u00e9gionaux, de la diaspora europ\u00e9enne (PPDS Europe), de la Commission des femmes Latifa Taamallah et de l\u2019organisation de jeunesse \u00ab Kifah \u00bb, ce conseil central visait \u00e0 d\u00e9finir la ligne politique du parti face \u00e0 une conjoncture nationale, r\u00e9gionale et internationale jug\u00e9e critique, marqu\u00e9e par l\u2019aggravation des in\u00e9galit\u00e9s et des conflits. Le communiqu\u00e9 final adopt\u00e9, d\u2019une tonalit\u00e9 r\u00e9solument anti-imp\u00e9rialiste, dresse un tableau s\u00e9v\u00e8re des d\u00e9rives autoritaires en Tunisie, condamne l\u2019offensive militaire am\u00e9ricano-sioniste contre l\u2019Iran, et fustige la r\u00e9pression des mouvements progressistes en Turquie, en Inde ou encore au Venezuela.<\/p>\n\n\n\n<h3 class=\"wp-block-heading\">Un diagnostic mondial fond\u00e9 sur la lutte des classes et la refonte des \u00e9quilibres strat\u00e9giques<\/h3>\n\n\n\n<p>Le Conseil central du PPDS situe d\u2019abord son analyse dans un contexte de \u00ab crise cyclique du capitalisme \u00bb, dont les soubresauts pousseraient les puissances imp\u00e9rialistes \u00e0 multiplier les guerres pour sauver leur h\u00e9g\u00e9monie. Les membres rel\u00e8vent un affaiblissement relatif de la domination \u00e9tats-unienne, marqu\u00e9 par le d\u00e9clin du dollar et l\u2019\u00e9mergence de monnaies alternatives ; ils interpr\u00e8tent ce mouvement comme les pr\u00e9mices d\u2019un nouvel ordre mondial.<\/p>\n\n\n\n<p>Sur le plan militaire, le parti exprime sa solidarit\u00e9 avec l\u2019Iran face \u00e0 \u00ab l\u2019agression imp\u00e9rialiste am\u00e9ricano-sioniste \u00bb, tout en saluant la r\u00e9sistance des peuples comme facteur de r\u00e9\u00e9quilibrage des rapports de force. Les dirigeants du PPDS n\u2019\u00e9pargnent pas non plus l\u2019administration Trump, qualifi\u00e9e de \u00ab criminelle \u00bb et accus\u00e9e de blocus contre Cuba, de complicit\u00e9 dans l\u2019enl\u00e8vement du pr\u00e9sident v\u00e9n\u00e9zu\u00e9lien Nicol\u00e1s Maduro, et d\u2019ing\u00e9rence au Mali et au Sahel. Paris est directement mis en cause : la France serait selon le texte \u00e0 l\u2019origine du recrutement de groupes terroristes pour entraver les aspirations \u00e0 la lib\u00e9ration nationale en Afrique de l\u2019Ouest.<\/p>\n\n\n\n<p>Dans le m\u00eame souffle, le Conseil fustige les \u00ab r\u00e9gimes fantoches \u00bb d\u2019Erdo\u011fan en Turquie et de Modi en Inde, accus\u00e9s de se servir de lois antiterroristes pour d\u00e9manteler les partis de gauche r\u00e9volutionnaires, emprisonner des militants et fermer leurs organes de presse.<\/p>\n\n\n\n<div id=\"fb-root\"><\/div>\n<script async defer crossorigin=\"anonymous\" src=\"https:\/\/connect.facebook.net\/fr_FR\/sdk.js#xfbml=1&#038;version=v25.0&#038;appId=3030789727209783\"><\/script>\n<div class=\"fb-post\" data-href=\"https:\/\/www.facebook.com\/permalink.php?story_fbid=pfbid02DPvaU2NDLPZ5ucvVLTKsg6xaLnKR2hXosvYqWaK4MeTNSUjFZqdyEuTHnp3RXkdhl&amp;id=100090464060050\" data-width=\"500\" data-show-text=\"true\"><blockquote cite=\"https:\/\/www.facebook.com\/permalink.php?story_fbid=950345587990901&amp;id=100090464060050\" class=\"fb-xfbml-parse-ignore\"><p>Tunis, le 26 avril 2026\nCommuniqu\u00e9 final des travaux du Conseil central du Parti Patriotique\nd\u00e9mocratique socialiste&#8230;<\/p>Publi\u00e9e par <a href=\"https:\/\/www.facebook.com\/people\/PPDS-Europe\/100090464060050\/\">PPDS Europe<\/a> sur&nbsp;<a href=\"https:\/\/www.facebook.com\/permalink.php?story_fbid=950345587990901&amp;id=100090464060050\">Mercredi 29 avril 2026<\/a><\/blockquote><\/div>\n\n\n\n<h3 class=\"wp-block-heading\">Condamnation sans appel de l\u2019offensive sioniste et des r\u00e9gimes arabes \u00ab r\u00e9actionnaires \u00bb<\/h3>\n\n\n\n<p>C\u2019est toutefois sur la question palestinienne que le ton est le plus appuy\u00e9. Le PPDS d\u00e9nonce la \u00ab guerre g\u00e9nocidaire en cours \u00e0 Gaza \u00bb, les politiques de blocus, de famine et de d\u00e9placement forc\u00e9, et r\u00e9affirme son soutien \u00ab total \u00e0 la r\u00e9sistance sous toutes ses formes \u00bb. Le communiqu\u00e9 rejette une loi autorisant l\u2019ex\u00e9cution des prisonniers, qu\u2019il pr\u00e9sente comme une escalade visant le mouvement carc\u00e9ral palestinien, tandis que le parti promet d\u2019intensifier les d\u00e9marches pour accueillir en Tunisie des d\u00e9tenus expuls\u00e9s dont l\u2019\u00e9tat de sant\u00e9 se d\u00e9grade.<\/p>\n\n\n\n<p>Le texte s\u2019\u00e9tend \u00e9galement sur la situation au Liban : les attaques sionistes malgr\u00e9 les tr\u00eaves, le projet d\u2019occupation du Sud-Liban d\u00e9limit\u00e9 par une \u00ab ligne jaune \u00bb coloniale, et la volont\u00e9 de d\u00e9sarmer la r\u00e9sistance libanaise \u2013 d\u00e9sormais \u00e9lev\u00e9e au rang d\u2019ic\u00f4ne historique \u2013 sont vigoureusement combattus. Le PPDS, qui dit refuser toute normalisation, accuse les \u00ab r\u00e9gimes arabes r\u00e9actionnaires \u00bb de soutenir activement ces entreprises imp\u00e9rialistes.<\/p>\n\n\n\n<h3 class=\"wp-block-heading\">Tunisie : un pouvoir accus\u00e9 de d\u00e9manteler les acquis sociaux et les libert\u00e9s<\/h3>\n\n\n\n<p>Le volet national de la d\u00e9claration est tout aussi acerbe. Pour le PPDS, la crise tunisienne ne rel\u00e8ve pas d\u2019une conjoncture d\u00e9favorable mais de choix structurels : d\u00e9pendance aux capitaux \u00e9trangers, maintien au pouvoir d\u2019une coalition de classe r\u00e9actionnaire, et renoncement aux revendications populaires des soul\u00e8vements de d\u00e9cembre 2010\u2013janvier 2011 et du 25 juillet 2021. Le parti d\u00e9nonce le d\u00e9mant\u00e8lement progressif des subventions, illustr\u00e9 par le retrait des produits soutenus des march\u00e9s au profit d\u2019alternatives comme le \u00ab pain au son \u00bb, qui p\u00e9nalise les classes populaires.<\/p>\n\n\n\n<p>Sur le plan institutionnel, le Conseil accuse directement le pr\u00e9sident Ka\u00efs Sa\u00efed et le Parlement de brader la souverainet\u00e9 \u00e9nerg\u00e9tique nationale. L\u2019octroi de nouvelles concessions pour les \u00e9nergies renouvelables \u00e0 Gafsa, Sidi Bouzid, Gab\u00e8s et Kairouan est interpr\u00e9t\u00e9 comme une \u00e9tape vers la privatisation de la STEG, la compagnie nationale d\u2019\u00e9lectricit\u00e9 et de gaz. \u00c0 cela s\u2019ajoute un syst\u00e8me fiscal jug\u00e9 in\u00e9quitable, notamment dans les carri\u00e8res de sable et de marbre, ainsi que des transferts de cr\u00e9dits carbone sans \u00e9valuation s\u00e9rieuse de leur impact environnemental.<\/p>\n\n\n\n<p>Sur le front des droits, le PPDS exige l\u2019abrogation du d\u00e9cret-loi 54, la mise en place effective de la Cour constitutionnelle, et d\u00e9nonce le \u00ab chantage \u00bb exerc\u00e9 contre les organisations nationales \u2013 qu\u2019il distingue des associations \u00ab suspectes \u00bb financ\u00e9es par des int\u00e9r\u00eats coloniaux. Le parti prend la d\u00e9fense de l\u2019Union g\u00e9n\u00e9rale tunisienne du travail (UGTT), dont les \u00ab mesures arbitraires \u00bb viseraient \u00e0 \u00e9touffer l\u2019activit\u00e9 syndicale (suppression du pr\u00e9levement automatique, annulation des n\u00e9gociations). De m\u00eame, il condamne les restrictions impos\u00e9es au mouvement de solidarit\u00e9 avec la Palestine, et r\u00e9clame la lib\u00e9ration imm\u00e9diate de Ghassen Henchiri, membre de son bureau politique, d\u00e9tenu selon lui pour des accusations mensong\u00e8res.<\/p>\n\n\n\n<p>Enfin, le PPDS fustige la mont\u00e9e des discours racistes, dont il tient le r\u00e9gime responsable, et r\u00e9affirme que la migration est \u00ab un droit humain fondamental et un mouvement de r\u00e9sistance contre le capitalisme \u00bb. Le texte appelle \u00e0 la construction d\u2019un \u00ab front national progressiste \u00bb, distinct des Fr\u00e8res musulmans, des destouriens et du Front du salut, pour constituer une alternative \u00e0 l\u2019autorit\u00e9 de Sa\u00efed, criminaliser la normalisation avec Isra\u00ebl et d\u00e9fendre les marges de libert\u00e9.<\/p>\n\n\n\n<h3 class=\"wp-block-heading\">Contexte tunisien : entre h\u00e9ritage r\u00e9volutionnaire et recompositions autoritaires<\/h3>\n\n\n\n<p>Ce discours radical s\u2019inscrit dans un paysage politique tunisien profond\u00e9ment fractur\u00e9 depuis la r\u00e9volution de 2011. Le PPDS, qui se r\u00e9clame d\u2019une gauche patriotique et socialiste, demeure une force relativement marginale sur l\u2019\u00e9chiquier \u00e9lectoral mais jouit d\u2019une certaine pr\u00e9sence militante dans les bastions ouvriers et les universit\u00e9s. Son rejet aussi bien du pr\u00e9sident Sa\u00efed que de l\u2019islam politique et des h\u00e9ritiers du RCD (ex-parti de Ben Ali) illustre la difficult\u00e9 \u00e0 constituer une opposition unie. L\u2019\u00e9vocation r\u00e9p\u00e9t\u00e9e du \u00ab vide constitutionnel \u00bb \u2013 la Cour constitutionnelle n\u2019\u00e9tant toujours pas pleinement op\u00e9rationnelle plus de deux ans apr\u00e8s la nouvelle Constitution de 2022 \u2013 est un marqueur r\u00e9current des critiques adress\u00e9es au chef de l\u2019\u00c9tat. Par ailleurs, le d\u00e9cret-loi 54, r\u00e9primant la diffusion de \u00ab fausses nouvelles \u00bb, a \u00e9t\u00e9 utilis\u00e9 \u00e0 plusieurs reprises contre des opposants politiques, des journalistes et des avocats, alimentant les rapports d\u2019organisations internationales d\u00e9non\u00e7ant un recul des libert\u00e9s en Tunisie.<\/p>\n\n\n\n<h3 class=\"wp-block-heading\">L\u2019opposition tunisienne tente de mobiliser, mais la marge de man\u0153uvre se r\u00e9duit<\/h3>\n\n\n\n<p>En achevant ses travaux sur un appel \u00e0 l\u2019unification des forces progressistes et \u00e0 l\u2019\u00e9largissement du mouvement populaire, le PPDS affiche sa volont\u00e9 de peser dans le d\u00e9fi politique tunisien. Pourtant, les restrictions \u00e0 la libert\u00e9 de r\u00e9union et la fragmentation de l\u2019opposition posent la question de sa capacit\u00e9 \u00e0 transformer ce r\u00e9quisitoire en rapport de forces. Alors que le pouvoir continue de justifier ses mesures d\u2019exception par la n\u00e9cessit\u00e9 de lutter contre \u00ab l\u2019\u00e9tranger \u00bb et les \u00ab tra\u00eetres \u00bb, la ligne trac\u00e9e par le PPDS \u2013 anti-imp\u00e9rialiste, antilib\u00e9rale et oppos\u00e9e \u00e0 toute normalisation avec Isra\u00ebl \u2013 parviendra-t-elle \u00e0 rassembler au-del\u00e0 de son noyau militant, ou restera-t-elle cantonn\u00e9e \u00e0 un r\u00f4le de vigie radicale dans un espace politique tunisien toujours plus verrouill\u00e9 ?<\/p>\n","protected":false},"excerpt":{"rendered":"<p>Les 25 et 26 avril 2026, les cadres du Parti patriotique d\u00e9mocratique socialiste (PPDS) se sont r\u00e9unis \u00e0 Tunis en une session d\u00e9di\u00e9e \u00e0 la m\u00e9moire du d\u00e9funt Belkacem Yaacoubi, sous la direction de son secr\u00e9taire g\u00e9n\u00e9ral Nouri Beltoumi. En pr\u00e9sence des repr\u00e9sentants des bureaux r\u00e9gionaux, de la diaspora europ\u00e9enne (PPDS Europe), de la Commission [&hellip;]<\/p>\n","protected":false},"author":1,"featured_media":31060,"comment_status":"open","ping_status":"open","sticky":false,"template":"","format":"standard","meta":{"om_disable_all_campaigns":false,"footnotes":""},"categories":[9],"tags":[1039,1035,1040,1037,1038,131,1036,189,187,437,749],"class_list":["post-31059","post","type-post","status-publish","format-standard","has-post-thumbnail","hentry","category-politique","tag-belkacem-yaacoubi","tag-conseil-central-du-ppds-avril-2026","tag-decret-loi-54","tag-nouri-beltoumi","tag-parti-patriotique-democratique-socialiste","tag-politics","tag-ppds-tunisie","tag-trending-posts","tag-tunisie","tag-ugtt","tag-watad"],"yoast_head":"<!-- This site is optimized with the Yoast SEO plugin v27.5 - https:\/\/yoast.com\/product\/yoast-seo-wordpress\/ -->\n<title>Conseil central du PPDS: Ka\u00efs Sa\u00efed est le principal responsable de la d\u00e9gradation politique, sociale et des libert\u00e9s en Tunisie - Le pont de Gen\u00e8ve<\/title>\n<meta name=\"description\" content=\"Les 25 et 26 avril 2026, le Conseil central du Parti patriotique d\u00e9mocratique socialiste (PPDS) s\u2019est r\u00e9uni \u00e0 Tunis pour une session d\u00e9di\u00e9e \u00e0 Belkacem Yaacoubi. Dans un contexte de tensions sociales et g\u00e9opolitiques, la formation de Nouri Beltoumi dresse un bilan s\u00e9v\u00e8re de la politique tunisienne et condamne l\u2019ordre imp\u00e9rialiste mondial.\" \/>\n<meta name=\"robots\" content=\"index, follow, max-snippet:-1, max-image-preview:large, max-video-preview:-1\" \/>\n<link rel=\"canonical\" href=\"https:\/\/lepontdegeneve.ch\/?p=31059\" \/>\n<meta property=\"og:locale\" content=\"fr_FR\" \/>\n<meta property=\"og:type\" content=\"article\" \/>\n<meta property=\"og:title\" content=\"Conseil central du PPDS avril 2026 : une opposition radicale qui scrute les crises nationale et internationale\" \/>\n<meta property=\"og:description\" content=\"R\u00e9uni \u00e0 Tunis sous la pr\u00e9sidence de Nouri Beltoumi, le Conseil central du Parti patriotique d\u00e9mocratique socialiste a adopt\u00e9 un communiqu\u00e9 final dense, qui m\u00eale analyse g\u00e9opolitique et critiques acerbes de la politique nationale.\u00c0 l&#039;international, la formation d\u00e9nonce une \u00ab agression am\u00e9ricano-sioniste contre l&#039;Iran \u00bb, r\u00e9affirme son soutien \u00e0 Cuba et au Venezuela, et accuse la France de d\u00e9stabiliser le Sahel.Sur le plan arabe, le PPDS condamne la guerre \u00e0 Gaza, rejette les normalisations et soutient la r\u00e9sistance libanaise.En Tunisie, le texte fustige la r\u00e9forme des subventions (notamment le \u00ab pain au son \u00bb), les nouvelles concessions dans les \u00e9nergies renouvelables, et le recul des libert\u00e9s. Le parti exige la lib\u00e9ration de son dirigeant Ghassen Henchiri et appelle \u00e0 un \u00ab front national progressiste \u00bb en rupture avec l&#039;islamisme comme avec l&#039;ancien r\u00e9gime.\ud83d\udcd6 L&#039;article complet explore le contexte politique tendu et les fragilit\u00e9s de la gauche tunisienne. \u00c0 lire ici https:\/\/lepontdegeneve.ch\" \/>\n<meta property=\"og:url\" content=\"https:\/\/lepontdegeneve.ch\/?p=31059\" \/>\n<meta property=\"og:site_name\" content=\"Le pont de Gen\u00e8ve\" \/>\n<meta property=\"article:published_time\" content=\"2026-04-30T09:16:59+00:00\" \/>\n<meta property=\"article:modified_time\" content=\"2026-04-30T09:37:07+00:00\" \/>\n<meta property=\"og:image\" content=\"https:\/\/lepontdegeneve.ch\/wp-content\/uploads\/2026\/04\/AP25326709838194.jpg\" \/>\n\t<meta property=\"og:image:width\" content=\"1619\" \/>\n\t<meta property=\"og:image:height\" content=\"1080\" \/>\n\t<meta property=\"og:image:type\" content=\"image\/jpeg\" \/>\n<meta name=\"author\" content=\"Le Pont de Gen\u00e8ve\" \/>\n<meta name=\"twitter:card\" content=\"summary_large_image\" \/>\n<meta name=\"twitter:label1\" content=\"\u00c9crit par\" \/>\n\t<meta name=\"twitter:data1\" content=\"Le Pont de Gen\u00e8ve\" \/>\n\t<meta name=\"twitter:label2\" content=\"Dur\u00e9e de lecture estim\u00e9e\" \/>\n\t<meta name=\"twitter:data2\" content=\"7 minutes\" \/>\n<script type=\"application\/ld+json\" class=\"yoast-schema-graph\">{\"@context\":\"https:\\\/\\\/schema.org\",\"@graph\":[{\"@type\":\"Article\",\"@id\":\"https:\\\/\\\/lepontdegeneve.ch\\\/?p=31059#article\",\"isPartOf\":{\"@id\":\"https:\\\/\\\/lepontdegeneve.ch\\\/?p=31059\"},\"author\":{\"name\":\"Le Pont de Gen\u00e8ve\",\"@id\":\"https:\\\/\\\/lepontdegeneve.ch\\\/#\\\/schema\\\/person\\\/90128a12398fd99348a199e0c658139c\"},\"headline\":\"Conseil central du PPDS: Ka\u00efs Sa\u00efed est le principal responsable de la d\u00e9gradation politique, sociale et des libert\u00e9s en Tunisie\",\"datePublished\":\"2026-04-30T09:16:59+00:00\",\"dateModified\":\"2026-04-30T09:37:07+00:00\",\"mainEntityOfPage\":{\"@id\":\"https:\\\/\\\/lepontdegeneve.ch\\\/?p=31059\"},\"wordCount\":1378,\"commentCount\":0,\"image\":{\"@id\":\"https:\\\/\\\/lepontdegeneve.ch\\\/?p=31059#primaryimage\"},\"thumbnailUrl\":\"https:\\\/\\\/lepontdegeneve.ch\\\/wp-content\\\/uploads\\\/2026\\\/04\\\/AP25326709838194.jpg\",\"keywords\":[\"Belkacem Yaacoubi\",\"Conseil central du PPDS avril 2026\",\"d\u00e9cret-loi 54\",\"Nouri Beltoumi\",\"Parti patriotique d\u00e9mocratique socialiste\",\"Politics\",\"PPDS Tunisie\",\"Trending Posts\",\"Tunisie\",\"UGTT\",\"Watad\"],\"articleSection\":[\"Politique\"],\"inLanguage\":\"fr-FR\",\"potentialAction\":[{\"@type\":\"CommentAction\",\"name\":\"Comment\",\"target\":[\"https:\\\/\\\/lepontdegeneve.ch\\\/?p=31059#respond\"]}]},{\"@type\":\"WebPage\",\"@id\":\"https:\\\/\\\/lepontdegeneve.ch\\\/?p=31059\",\"url\":\"https:\\\/\\\/lepontdegeneve.ch\\\/?p=31059\",\"name\":\"Conseil central du PPDS: Ka\u00efs Sa\u00efed est le principal responsable de la d\u00e9gradation politique, sociale et des libert\u00e9s en Tunisie - Le pont de Gen\u00e8ve\",\"isPartOf\":{\"@id\":\"https:\\\/\\\/lepontdegeneve.ch\\\/#website\"},\"primaryImageOfPage\":{\"@id\":\"https:\\\/\\\/lepontdegeneve.ch\\\/?p=31059#primaryimage\"},\"image\":{\"@id\":\"https:\\\/\\\/lepontdegeneve.ch\\\/?p=31059#primaryimage\"},\"thumbnailUrl\":\"https:\\\/\\\/lepontdegeneve.ch\\\/wp-content\\\/uploads\\\/2026\\\/04\\\/AP25326709838194.jpg\",\"datePublished\":\"2026-04-30T09:16:59+00:00\",\"dateModified\":\"2026-04-30T09:37:07+00:00\",\"author\":{\"@id\":\"https:\\\/\\\/lepontdegeneve.ch\\\/#\\\/schema\\\/person\\\/90128a12398fd99348a199e0c658139c\"},\"description\":\"Les 25 et 26 avril 2026, le Conseil central du Parti patriotique d\u00e9mocratique socialiste (PPDS) s\u2019est r\u00e9uni \u00e0 Tunis pour une session d\u00e9di\u00e9e \u00e0 Belkacem Yaacoubi. Dans un contexte de tensions sociales et g\u00e9opolitiques, la formation de Nouri Beltoumi dresse un bilan s\u00e9v\u00e8re de la politique tunisienne et condamne l\u2019ordre imp\u00e9rialiste mondial.\",\"breadcrumb\":{\"@id\":\"https:\\\/\\\/lepontdegeneve.ch\\\/?p=31059#breadcrumb\"},\"inLanguage\":\"fr-FR\",\"potentialAction\":[{\"@type\":\"ReadAction\",\"target\":[\"https:\\\/\\\/lepontdegeneve.ch\\\/?p=31059\"]}]},{\"@type\":\"ImageObject\",\"inLanguage\":\"fr-FR\",\"@id\":\"https:\\\/\\\/lepontdegeneve.ch\\\/?p=31059#primaryimage\",\"url\":\"https:\\\/\\\/lepontdegeneve.ch\\\/wp-content\\\/uploads\\\/2026\\\/04\\\/AP25326709838194.jpg\",\"contentUrl\":\"https:\\\/\\\/lepontdegeneve.ch\\\/wp-content\\\/uploads\\\/2026\\\/04\\\/AP25326709838194.jpg\",\"width\":1619,\"height\":1080,\"caption\":\"Des manifestants participent \u00e0 une manifestation contre le r\u00e9gime du pr\u00e9sident tunisien Kais Saied et r\u00e9clament la lib\u00e9ration des prisonniers politiques \u00e0 Tunis, en Tunisie, le samedi 22 novembre 2025.\"},{\"@type\":\"BreadcrumbList\",\"@id\":\"https:\\\/\\\/lepontdegeneve.ch\\\/?p=31059#breadcrumb\",\"itemListElement\":[{\"@type\":\"ListItem\",\"position\":1,\"name\":\"Accueil\",\"item\":\"https:\\\/\\\/lepontdegeneve.ch\\\/\"},{\"@type\":\"ListItem\",\"position\":2,\"name\":\"Conseil central du PPDS: Ka\u00efs Sa\u00efed est le principal responsable de la d\u00e9gradation politique, sociale et des libert\u00e9s en Tunisie\"}]},{\"@type\":\"WebSite\",\"@id\":\"https:\\\/\\\/lepontdegeneve.ch\\\/#website\",\"url\":\"https:\\\/\\\/lepontdegeneve.ch\\\/\",\"name\":\"Le pont de Gen\u00e8ve\",\"description\":\"\",\"potentialAction\":[{\"@type\":\"SearchAction\",\"target\":{\"@type\":\"EntryPoint\",\"urlTemplate\":\"https:\\\/\\\/lepontdegeneve.ch\\\/?s={search_term_string}\"},\"query-input\":{\"@type\":\"PropertyValueSpecification\",\"valueRequired\":true,\"valueName\":\"search_term_string\"}}],\"inLanguage\":\"fr-FR\"},{\"@type\":\"Person\",\"@id\":\"https:\\\/\\\/lepontdegeneve.ch\\\/#\\\/schema\\\/person\\\/90128a12398fd99348a199e0c658139c\",\"name\":\"Le Pont de Gen\u00e8ve\",\"image\":{\"@type\":\"ImageObject\",\"inLanguage\":\"fr-FR\",\"@id\":\"https:\\\/\\\/secure.gravatar.com\\\/avatar\\\/b2cd4b671948e0b3a044cce52421e758f75459e8a1b9e0493b750162492e12c9?s=96&d=mm&r=g\",\"url\":\"https:\\\/\\\/secure.gravatar.com\\\/avatar\\\/b2cd4b671948e0b3a044cce52421e758f75459e8a1b9e0493b750162492e12c9?s=96&d=mm&r=g\",\"contentUrl\":\"https:\\\/\\\/secure.gravatar.com\\\/avatar\\\/b2cd4b671948e0b3a044cce52421e758f75459e8a1b9e0493b750162492e12c9?s=96&d=mm&r=g\",\"caption\":\"Le Pont de Gen\u00e8ve\"},\"sameAs\":[\"https:\\\/\\\/lepontdegeneve.ch\"],\"url\":\"https:\\\/\\\/lepontdegeneve.ch\\\/?author=1\"}]}<\/script>\n<!-- \/ Yoast SEO plugin. -->","yoast_head_json":{"title":"Conseil central du PPDS: Ka\u00efs Sa\u00efed est le principal responsable de la d\u00e9gradation politique, sociale et des libert\u00e9s en Tunisie - Le pont de Gen\u00e8ve","description":"Les 25 et 26 avril 2026, le Conseil central du Parti patriotique d\u00e9mocratique socialiste (PPDS) s\u2019est r\u00e9uni \u00e0 Tunis pour une session d\u00e9di\u00e9e \u00e0 Belkacem Yaacoubi. Dans un contexte de tensions sociales et g\u00e9opolitiques, la formation de Nouri Beltoumi dresse un bilan s\u00e9v\u00e8re de la politique tunisienne et condamne l\u2019ordre imp\u00e9rialiste mondial.","robots":{"index":"index","follow":"follow","max-snippet":"max-snippet:-1","max-image-preview":"max-image-preview:large","max-video-preview":"max-video-preview:-1"},"canonical":"https:\/\/lepontdegeneve.ch\/?p=31059","og_locale":"fr_FR","og_type":"article","og_title":"Conseil central du PPDS avril 2026 : une opposition radicale qui scrute les crises nationale et internationale","og_description":"R\u00e9uni \u00e0 Tunis sous la pr\u00e9sidence de Nouri Beltoumi, le Conseil central du Parti patriotique d\u00e9mocratique socialiste a adopt\u00e9 un communiqu\u00e9 final dense, qui m\u00eale analyse g\u00e9opolitique et critiques acerbes de la politique nationale.\u00c0 l'international, la formation d\u00e9nonce une \u00ab agression am\u00e9ricano-sioniste contre l'Iran \u00bb, r\u00e9affirme son soutien \u00e0 Cuba et au Venezuela, et accuse la France de d\u00e9stabiliser le Sahel.Sur le plan arabe, le PPDS condamne la guerre \u00e0 Gaza, rejette les normalisations et soutient la r\u00e9sistance libanaise.En Tunisie, le texte fustige la r\u00e9forme des subventions (notamment le \u00ab pain au son \u00bb), les nouvelles concessions dans les \u00e9nergies renouvelables, et le recul des libert\u00e9s. Le parti exige la lib\u00e9ration de son dirigeant Ghassen Henchiri et appelle \u00e0 un \u00ab front national progressiste \u00bb en rupture avec l'islamisme comme avec l'ancien r\u00e9gime.\ud83d\udcd6 L'article complet explore le contexte politique tendu et les fragilit\u00e9s de la gauche tunisienne. \u00c0 lire ici https:\/\/lepontdegeneve.ch","og_url":"https:\/\/lepontdegeneve.ch\/?p=31059","og_site_name":"Le pont de Gen\u00e8ve","article_published_time":"2026-04-30T09:16:59+00:00","article_modified_time":"2026-04-30T09:37:07+00:00","og_image":[{"width":1619,"height":1080,"url":"https:\/\/lepontdegeneve.ch\/wp-content\/uploads\/2026\/04\/AP25326709838194.jpg","type":"image\/jpeg"}],"author":"Le Pont de Gen\u00e8ve","twitter_card":"summary_large_image","twitter_misc":{"\u00c9crit par":"Le Pont de Gen\u00e8ve","Dur\u00e9e de lecture estim\u00e9e":"7 minutes"},"schema":{"@context":"https:\/\/schema.org","@graph":[{"@type":"Article","@id":"https:\/\/lepontdegeneve.ch\/?p=31059#article","isPartOf":{"@id":"https:\/\/lepontdegeneve.ch\/?p=31059"},"author":{"name":"Le Pont de Gen\u00e8ve","@id":"https:\/\/lepontdegeneve.ch\/#\/schema\/person\/90128a12398fd99348a199e0c658139c"},"headline":"Conseil central du PPDS: Ka\u00efs Sa\u00efed est le principal responsable de la d\u00e9gradation politique, sociale et des libert\u00e9s en Tunisie","datePublished":"2026-04-30T09:16:59+00:00","dateModified":"2026-04-30T09:37:07+00:00","mainEntityOfPage":{"@id":"https:\/\/lepontdegeneve.ch\/?p=31059"},"wordCount":1378,"commentCount":0,"image":{"@id":"https:\/\/lepontdegeneve.ch\/?p=31059#primaryimage"},"thumbnailUrl":"https:\/\/lepontdegeneve.ch\/wp-content\/uploads\/2026\/04\/AP25326709838194.jpg","keywords":["Belkacem Yaacoubi","Conseil central du PPDS avril 2026","d\u00e9cret-loi 54","Nouri Beltoumi","Parti patriotique d\u00e9mocratique socialiste","Politics","PPDS Tunisie","Trending Posts","Tunisie","UGTT","Watad"],"articleSection":["Politique"],"inLanguage":"fr-FR","potentialAction":[{"@type":"CommentAction","name":"Comment","target":["https:\/\/lepontdegeneve.ch\/?p=31059#respond"]}]},{"@type":"WebPage","@id":"https:\/\/lepontdegeneve.ch\/?p=31059","url":"https:\/\/lepontdegeneve.ch\/?p=31059","name":"Conseil central du PPDS: Ka\u00efs Sa\u00efed est le principal responsable de la d\u00e9gradation politique, sociale et des libert\u00e9s en Tunisie - Le pont de Gen\u00e8ve","isPartOf":{"@id":"https:\/\/lepontdegeneve.ch\/#website"},"primaryImageOfPage":{"@id":"https:\/\/lepontdegeneve.ch\/?p=31059#primaryimage"},"image":{"@id":"https:\/\/lepontdegeneve.ch\/?p=31059#primaryimage"},"thumbnailUrl":"https:\/\/lepontdegeneve.ch\/wp-content\/uploads\/2026\/04\/AP25326709838194.jpg","datePublished":"2026-04-30T09:16:59+00:00","dateModified":"2026-04-30T09:37:07+00:00","author":{"@id":"https:\/\/lepontdegeneve.ch\/#\/schema\/person\/90128a12398fd99348a199e0c658139c"},"description":"Les 25 et 26 avril 2026, le Conseil central du Parti patriotique d\u00e9mocratique socialiste (PPDS) s\u2019est r\u00e9uni \u00e0 Tunis pour une session d\u00e9di\u00e9e \u00e0 Belkacem Yaacoubi. Dans un contexte de tensions sociales et g\u00e9opolitiques, la formation de Nouri Beltoumi dresse un bilan s\u00e9v\u00e8re de la politique tunisienne et condamne l\u2019ordre imp\u00e9rialiste mondial.","breadcrumb":{"@id":"https:\/\/lepontdegeneve.ch\/?p=31059#breadcrumb"},"inLanguage":"fr-FR","potentialAction":[{"@type":"ReadAction","target":["https:\/\/lepontdegeneve.ch\/?p=31059"]}]},{"@type":"ImageObject","inLanguage":"fr-FR","@id":"https:\/\/lepontdegeneve.ch\/?p=31059#primaryimage","url":"https:\/\/lepontdegeneve.ch\/wp-content\/uploads\/2026\/04\/AP25326709838194.jpg","contentUrl":"https:\/\/lepontdegeneve.ch\/wp-content\/uploads\/2026\/04\/AP25326709838194.jpg","width":1619,"height":1080,"caption":"Des manifestants participent \u00e0 une manifestation contre le r\u00e9gime du pr\u00e9sident tunisien Kais Saied et r\u00e9clament la lib\u00e9ration des prisonniers politiques \u00e0 Tunis, en Tunisie, le samedi 22 novembre 2025."},{"@type":"BreadcrumbList","@id":"https:\/\/lepontdegeneve.ch\/?p=31059#breadcrumb","itemListElement":[{"@type":"ListItem","position":1,"name":"Accueil","item":"https:\/\/lepontdegeneve.ch\/"},{"@type":"ListItem","position":2,"name":"Conseil central du PPDS: Ka\u00efs Sa\u00efed est le principal responsable de la d\u00e9gradation politique, sociale et des libert\u00e9s en Tunisie"}]},{"@type":"WebSite","@id":"https:\/\/lepontdegeneve.ch\/#website","url":"https:\/\/lepontdegeneve.ch\/","name":"Le pont de Gen\u00e8ve","description":"","potentialAction":[{"@type":"SearchAction","target":{"@type":"EntryPoint","urlTemplate":"https:\/\/lepontdegeneve.ch\/?s={search_term_string}"},"query-input":{"@type":"PropertyValueSpecification","valueRequired":true,"valueName":"search_term_string"}}],"inLanguage":"fr-FR"},{"@type":"Person","@id":"https:\/\/lepontdegeneve.ch\/#\/schema\/person\/90128a12398fd99348a199e0c658139c","name":"Le Pont de Gen\u00e8ve","image":{"@type":"ImageObject","inLanguage":"fr-FR","@id":"https:\/\/secure.gravatar.com\/avatar\/b2cd4b671948e0b3a044cce52421e758f75459e8a1b9e0493b750162492e12c9?s=96&d=mm&r=g","url":"https:\/\/secure.gravatar.com\/avatar\/b2cd4b671948e0b3a044cce52421e758f75459e8a1b9e0493b750162492e12c9?s=96&d=mm&r=g","contentUrl":"https:\/\/secure.gravatar.com\/avatar\/b2cd4b671948e0b3a044cce52421e758f75459e8a1b9e0493b750162492e12c9?s=96&d=mm&r=g","caption":"Le Pont de Gen\u00e8ve"},"sameAs":["https:\/\/lepontdegeneve.ch"],"url":"https:\/\/lepontdegeneve.ch\/?author=1"}]}},"amp_enabled":true,"_links":{"self":[{"href":"https:\/\/lepontdegeneve.ch\/index.php?rest_route=\/wp\/v2\/posts\/31059","targetHints":{"allow":["GET"]}}],"collection":[{"href":"https:\/\/lepontdegeneve.ch\/index.php?rest_route=\/wp\/v2\/posts"}],"about":[{"href":"https:\/\/lepontdegeneve.ch\/index.php?rest_route=\/wp\/v2\/types\/post"}],"author":[{"embeddable":true,"href":"https:\/\/lepontdegeneve.ch\/index.php?rest_route=\/wp\/v2\/users\/1"}],"replies":[{"embeddable":true,"href":"https:\/\/lepontdegeneve.ch\/index.php?rest_route=%2Fwp%2Fv2%2Fcomments&post=31059"}],"version-history":[{"count":3,"href":"https:\/\/lepontdegeneve.ch\/index.php?rest_route=\/wp\/v2\/posts\/31059\/revisions"}],"predecessor-version":[{"id":31065,"href":"https:\/\/lepontdegeneve.ch\/index.php?rest_route=\/wp\/v2\/posts\/31059\/revisions\/31065"}],"wp:featuredmedia":[{"embeddable":true,"href":"https:\/\/lepontdegeneve.ch\/index.php?rest_route=\/wp\/v2\/media\/31060"}],"wp:attachment":[{"href":"https:\/\/lepontdegeneve.ch\/index.php?rest_route=%2Fwp%2Fv2%2Fmedia&parent=31059"}],"wp:term":[{"taxonomy":"category","embeddable":true,"href":"https:\/\/lepontdegeneve.ch\/index.php?rest_route=%2Fwp%2Fv2%2Fcategories&post=31059"},{"taxonomy":"post_tag","embeddable":true,"href":"https:\/\/lepontdegeneve.ch\/index.php?rest_route=%2Fwp%2Fv2%2Ftags&post=31059"}],"curies":[{"name":"wp","href":"https:\/\/api.w.org\/{rel}","templated":true}]}}